{"id":146,"date":"2022-05-17T19:14:47","date_gmt":"2022-05-17T17:14:47","guid":{"rendered":"http:\/\/eviedanse-pelissanne.fr\/?p=146"},"modified":"2022-05-17T19:14:47","modified_gmt":"2022-05-17T17:14:47","slug":"moment-unique-de-detente","status":"publish","type":"post","link":"http:\/\/eviedanse-pelissanne.fr\/index.php\/2022\/05\/17\/moment-unique-de-detente\/","title":{"rendered":"MOMENT UNIQUE DE DETENTE"},"content":{"rendered":"\n<p>C\u00e9line GATT et M\u00e9lodie LYONNET vous proposent un voyage bien-\u00eatre en ce dimanche 22 mai<\/p>\n\n\n\n<p>Venez profiter d&rsquo;un moment pour vous, arr\u00eatez le temps l&rsquo;espace d&rsquo;une matin\u00e9e, retrouvez votre \u00e9nergie <\/p>\n\n\n\n<p>R\u00e9servez d\u00e8s maintenant <\/p>\n\n\n\n<figure class=\"wp-block-image size-large\"><img loading=\"lazy\" width=\"724\" height=\"1024\" src=\"http:\/\/eviedanse-pelissanne.fr\/wp-content\/uploads\/2022\/05\/Voyage-bien-etre-22-mai-724x1024.jpg\" alt=\"\" class=\"wp-image-147\" srcset=\"http:\/\/eviedanse-pelissanne.fr\/wp-content\/uploads\/2022\/05\/Voyage-bien-etre-22-mai-724x1024.jpg 724w, http:\/\/eviedanse-pelissanne.fr\/wp-content\/uploads\/2022\/05\/Voyage-bien-etre-22-mai-212x300.jpg 212w, http:\/\/eviedanse-pelissanne.fr\/wp-content\/uploads\/2022\/05\/Voyage-bien-etre-22-mai-768x1086.jpg 768w, http:\/\/eviedanse-pelissanne.fr\/wp-content\/uploads\/2022\/05\/Voyage-bien-etre-22-mai-1086x1536.jpg 1086w, http:\/\/eviedanse-pelissanne.fr\/wp-content\/uploads\/2022\/05\/Voyage-bien-etre-22-mai-1448x2048.jpg 1448w, http:\/\/eviedanse-pelissanne.fr\/wp-content\/uploads\/2022\/05\/Voyage-bien-etre-22-mai.jpg 1587w\" sizes=\"(max-width: 724px) 100vw, 724px\" \/><\/figure>\n\n\n\n<figure class=\"wp-block-gallery columns-0 is-cropped\"><ul class=\"blocks-gallery-grid\"><\/ul><\/figure>\n","protected":false},"excerpt":{"rendered":"<p>C\u00e9line GATT et M\u00e9lodie LYONNET vous proposent un voyage bien-\u00eatre en ce dimanche 22 mai Venez profiter d&rsquo;un moment pour vous, arr\u00eatez le temps l&rsquo;espace d&rsquo;une matin\u00e9e, retrouvez votre \u00e9nergie R\u00e9servez d\u00e8s maintenant<\/p>\n","protected":false},"author":2,"featured_media":0,"comment_status":"open","ping_status":"open","sticky":false,"template":"","format":"standard","meta":[],"categories":[1],"tags":[],"_links":{"self":[{"href":"http:\/\/eviedanse-pelissanne.fr\/index.php\/wp-json\/wp\/v2\/posts\/146"}],"collection":[{"href":"http:\/\/eviedanse-pelissanne.fr\/index.php\/wp-json\/wp\/v2\/posts"}],"about":[{"href":"http:\/\/eviedanse-pelissanne.fr\/index.php\/wp-json\/wp\/v2\/types\/post"}],"author":[{"embeddable":true,"href":"http:\/\/eviedanse-pelissanne.fr\/index.php\/wp-json\/wp\/v2\/users\/2"}],"replies":[{"embeddable":true,"href":"http:\/\/eviedanse-pelissanne.fr\/index.php\/wp-json\/wp\/v2\/comments?post=146"}],"version-history":[{"count":3,"href":"http:\/\/eviedanse-pelissanne.fr\/index.php\/wp-json\/wp\/v2\/posts\/146\/revisions"}],"predecessor-version":[{"id":150,"href":"http:\/\/eviedanse-pelissanne.fr\/index.php\/wp-json\/wp\/v2\/posts\/146\/revisions\/150"}],"wp:attachment":[{"href":"http:\/\/eviedanse-pelissanne.fr\/index.php\/wp-json\/wp\/v2\/media?parent=146"}],"wp:term":[{"taxonomy":"category","embeddable":true,"href":"http:\/\/eviedanse-pelissanne.fr\/index.php\/wp-json\/wp\/v2\/categories?post=146"},{"taxonomy":"post_tag","embeddable":true,"href":"http:\/\/eviedanse-pelissanne.fr\/index.php\/wp-json\/wp\/v2\/tags?post=146"}],"curies":[{"name":"wp","href":"https:\/\/api.w.org\/{rel}","templated":true}]}}