{"id":323,"date":"2022-08-01T10:46:05","date_gmt":"2022-08-01T08:46:05","guid":{"rendered":"http:\/\/eviedanse-pelissanne.fr\/?p=323"},"modified":"2022-09-23T22:00:52","modified_gmt":"2022-09-23T20:00:52","slug":"rentree-2022-23","status":"publish","type":"post","link":"http:\/\/eviedanse-pelissanne.fr\/index.php\/2022\/08\/01\/rentree-2022-23\/","title":{"rendered":"Rentr\u00e9e 2022-23"},"content":{"rendered":"\n<figure class=\"wp-block-image size-full\"><img loading=\"lazy\" width=\"641\" height=\"906\" src=\"http:\/\/eviedanse-pelissanne.fr\/wp-content\/uploads\/2022\/08\/image.png\" alt=\"\" class=\"wp-image-326\" srcset=\"http:\/\/eviedanse-pelissanne.fr\/wp-content\/uploads\/2022\/08\/image.png 641w, http:\/\/eviedanse-pelissanne.fr\/wp-content\/uploads\/2022\/08\/image-212x300.png 212w\" sizes=\"(max-width: 641px) 100vw, 641px\" \/><\/figure>\n\n\n\n<figure class=\"wp-block-image size-full\"><img loading=\"lazy\" width=\"640\" height=\"905\" src=\"http:\/\/eviedanse-pelissanne.fr\/wp-content\/uploads\/2022\/08\/image-1.png\" alt=\"\" class=\"wp-image-327\" srcset=\"http:\/\/eviedanse-pelissanne.fr\/wp-content\/uploads\/2022\/08\/image-1.png 640w, http:\/\/eviedanse-pelissanne.fr\/wp-content\/uploads\/2022\/08\/image-1-212x300.png 212w\" sizes=\"(max-width: 640px) 100vw, 640px\" \/><\/figure>\n\n\n\n<p>La rentr\u00e9e est l\u00e0 et nous sommes ravis de vous retrouver !<\/p>\n\n\n\n<p>Nous \u00e9tions au grand rendez vous associatif de PELISSANNE : BOULEGUE, menac\u00e9 par les \u00e9l\u00e9ments , s&rsquo;est tenu dans les salles MALACRIDA<\/p>\n\n\n\n<p>Nous sommes venus nous pr\u00e9senter et pr\u00e9senter bien s\u00fbr les activit\u00e9s de C\u00e9line lors de l&rsquo;accueil des nouveaux arrivants, un moment convivial qu&rsquo;il ne fallait pas rater !<\/p>\n\n\n\n<p>C\u00e9line et 3 de ses fid\u00e8les danseuses ont fait une tr\u00e8s belle d\u00e9monstration lors du forum de PELISSANNE mais aussi de LA BARBEN, un beau contemporain \u00e0 d\u00e9couvrir bient\u00f4t sur cette page <\/p>\n","protected":false},"excerpt":{"rendered":"<p>La rentr\u00e9e est l\u00e0 et nous sommes ravis de vous retrouver ! Nous \u00e9tions au grand rendez vous associatif de PELISSANNE : BOULEGUE, menac\u00e9 par les \u00e9l\u00e9ments , s&rsquo;est tenu dans les salles MALACRIDA Nous sommes venus nous pr\u00e9senter et pr\u00e9senter bien s\u00fbr les activit\u00e9s de C\u00e9line lors de l&rsquo;accueil des nouveaux arrivants, un moment [&hellip;]<\/p>\n","protected":false},"author":2,"featured_media":326,"comment_status":"open","ping_status":"open","sticky":false,"template":"","format":"standard","meta":[],"categories":[1],"tags":[],"_links":{"self":[{"href":"http:\/\/eviedanse-pelissanne.fr\/index.php\/wp-json\/wp\/v2\/posts\/323"}],"collection":[{"href":"http:\/\/eviedanse-pelissanne.fr\/index.php\/wp-json\/wp\/v2\/posts"}],"about":[{"href":"http:\/\/eviedanse-pelissanne.fr\/index.php\/wp-json\/wp\/v2\/types\/post"}],"author":[{"embeddable":true,"href":"http:\/\/eviedanse-pelissanne.fr\/index.php\/wp-json\/wp\/v2\/users\/2"}],"replies":[{"embeddable":true,"href":"http:\/\/eviedanse-pelissanne.fr\/index.php\/wp-json\/wp\/v2\/comments?post=323"}],"version-history":[{"count":3,"href":"http:\/\/eviedanse-pelissanne.fr\/index.php\/wp-json\/wp\/v2\/posts\/323\/revisions"}],"predecessor-version":[{"id":376,"href":"http:\/\/eviedanse-pelissanne.fr\/index.php\/wp-json\/wp\/v2\/posts\/323\/revisions\/376"}],"wp:featuredmedia":[{"embeddable":true,"href":"http:\/\/eviedanse-pelissanne.fr\/index.php\/wp-json\/wp\/v2\/media\/326"}],"wp:attachment":[{"href":"http:\/\/eviedanse-pelissanne.fr\/index.php\/wp-json\/wp\/v2\/media?parent=323"}],"wp:term":[{"taxonomy":"category","embeddable":true,"href":"http:\/\/eviedanse-pelissanne.fr\/index.php\/wp-json\/wp\/v2\/categories?post=323"},{"taxonomy":"post_tag","embeddable":true,"href":"http:\/\/eviedanse-pelissanne.fr\/index.php\/wp-json\/wp\/v2\/tags?post=323"}],"curies":[{"name":"wp","href":"https:\/\/api.w.org\/{rel}","templated":true}]}}