{"id":377,"date":"2022-10-26T18:34:41","date_gmt":"2022-10-26T16:34:41","guid":{"rendered":"http:\/\/eviedanse-pelissanne.fr\/?p=377"},"modified":"2023-04-17T19:18:37","modified_gmt":"2023-04-17T17:18:37","slug":"octobre-rose","status":"publish","type":"post","link":"http:\/\/eviedanse-pelissanne.fr\/index.php\/2022\/10\/26\/octobre-rose\/","title":{"rendered":"OCTOBRE ROSE"},"content":{"rendered":"\n<p>C\u00e9line nous a propos\u00e9 une s\u00e9ance sp\u00e9ciale pour Octobre Rose, quelle belle soir\u00e9e !<\/p>\n\n\n\n<p>Un moment pour prendre soin de soi tout en se rappelant que la pr\u00e9vention est le pilier de la lutte contre le cancer du sein. <\/p>\n\n\n\n<p>Se pr\u00e9occuper de soi et \u00eatre \u00e0 l&rsquo;\u00e9coute de son corps, voil\u00e0 ce que nous propose C\u00e9line dans ses cours, la boucle \u00e9tait boucl\u00e9e, il fallait unir bien \u00eatre et pr\u00e9vention dans une soir\u00e9e durant cette p\u00e9riode.<\/p>\n\n\n\n<p>Des petites surprises attendaient nos participants lors de cette soir\u00e9e un \u00a0\u00bb jeudi d&rsquo;octobre rose\u00a0\u00bb&nbsp;<\/p>\n\n\n\n<p><img alt=\"\ud83d\ude4f\" src=\"https:\/\/fonts.gstatic.com\/s\/e\/notoemoji\/14.0\/1f64f\/72.png\" style=\"width: 1px;\">Un grand merci au Docteur Charl\u00e8ne Rey pour tous ces bons conseils sur les pr\u00e9ventions et les bons gestes \u00e0 adopter quotidiennement pour surveiller sa jolie poitrine. Vous pouvez la retrouver au cabinet du Gallion \u00e0 P\u00e9lissanne.<\/p>\n\n\n\n<p>Merci&nbsp; aussi \u00e0 Charl\u00e8ne \u00ab\u00a0Chouchouteetmoi\u00a0\u00bb pour ce petit coffret cosm\u00e9tique \u00ab\u00a0M\u00eame\u00a0\u00bb pour prendre soin de sa peau au quotidien. Que vous pouvez retrouver tous les dimanches matin sur le march\u00e9 de P\u00e9lissanne \u00e0 son stand de produits naturels et bien-\u00eatre.<\/p>\n\n\n\n<p>Nos remerciements \u00e0 Mme Vignal et au Centre de coordination SUD pour les documents d&rsquo;informations et de sensibilisation transmis pour l&rsquo;\u00e9v\u00e9nement. <\/p>\n\n\n\n<p>Un grand merci aussi \u00e0 la boutique \u00ab\u00a0fleur de Lys\u00a0\u00bb P\u00e9lissanne qui a contribu\u00e9 avec l&rsquo;association E vie danse pour offrir un un joli germini rose de bienvenu.<\/p>\n\n\n\n<figure class=\"wp-block-image size-large\"><img loading=\"lazy\" width=\"768\" height=\"1024\" src=\"http:\/\/eviedanse-pelissanne.fr\/wp-content\/uploads\/2022\/10\/germinis-rose-1-768x1024.jpg\" alt=\"\" class=\"wp-image-379\" srcset=\"http:\/\/eviedanse-pelissanne.fr\/wp-content\/uploads\/2022\/10\/germinis-rose-1-768x1024.jpg 768w, http:\/\/eviedanse-pelissanne.fr\/wp-content\/uploads\/2022\/10\/germinis-rose-1-225x300.jpg 225w, http:\/\/eviedanse-pelissanne.fr\/wp-content\/uploads\/2022\/10\/germinis-rose-1-1152x1536.jpg 1152w, http:\/\/eviedanse-pelissanne.fr\/wp-content\/uploads\/2022\/10\/germinis-rose-1-1536x2048.jpg 1536w, http:\/\/eviedanse-pelissanne.fr\/wp-content\/uploads\/2022\/10\/germinis-rose-1-scaled.jpg 1920w\" sizes=\"(max-width: 768px) 100vw, 768px\" \/><\/figure>\n\n\n\n<figure class=\"wp-block-image size-full\"><img loading=\"lazy\" width=\"480\" height=\"640\" src=\"http:\/\/eviedanse-pelissanne.fr\/wp-content\/uploads\/2022\/10\/jeudi-oct-rose-1-1.jpg\" alt=\"\" class=\"wp-image-380\" srcset=\"http:\/\/eviedanse-pelissanne.fr\/wp-content\/uploads\/2022\/10\/jeudi-oct-rose-1-1.jpg 480w, http:\/\/eviedanse-pelissanne.fr\/wp-content\/uploads\/2022\/10\/jeudi-oct-rose-1-1-225x300.jpg 225w\" sizes=\"(max-width: 480px) 100vw, 480px\" \/><\/figure>\n\n\n\n<figure class=\"wp-block-image size-full\"><img loading=\"lazy\" width=\"640\" height=\"480\" src=\"http:\/\/eviedanse-pelissanne.fr\/wp-content\/uploads\/2022\/10\/jeudi-oct-rose-5.jpg\" alt=\"\" class=\"wp-image-381\" srcset=\"http:\/\/eviedanse-pelissanne.fr\/wp-content\/uploads\/2022\/10\/jeudi-oct-rose-5.jpg 640w, http:\/\/eviedanse-pelissanne.fr\/wp-content\/uploads\/2022\/10\/jeudi-oct-rose-5-300x225.jpg 300w\" sizes=\"(max-width: 640px) 100vw, 640px\" \/><\/figure>\n\n\n\n<figure class=\"wp-block-image size-full\"><img loading=\"lazy\" width=\"640\" height=\"480\" src=\"http:\/\/eviedanse-pelissanne.fr\/wp-content\/uploads\/2022\/10\/jeudi-oct-rose-7.jpg\" alt=\"\" class=\"wp-image-382\" srcset=\"http:\/\/eviedanse-pelissanne.fr\/wp-content\/uploads\/2022\/10\/jeudi-oct-rose-7.jpg 640w, http:\/\/eviedanse-pelissanne.fr\/wp-content\/uploads\/2022\/10\/jeudi-oct-rose-7-300x225.jpg 300w\" sizes=\"(max-width: 640px) 100vw, 640px\" \/><\/figure>\n\n\n\n<figure class=\"wp-block-image size-full\"><img loading=\"lazy\" width=\"640\" height=\"480\" src=\"http:\/\/eviedanse-pelissanne.fr\/wp-content\/uploads\/2022\/10\/jeudi-oct-rose-7-1.jpg\" alt=\"\" class=\"wp-image-383\" srcset=\"http:\/\/eviedanse-pelissanne.fr\/wp-content\/uploads\/2022\/10\/jeudi-oct-rose-7-1.jpg 640w, http:\/\/eviedanse-pelissanne.fr\/wp-content\/uploads\/2022\/10\/jeudi-oct-rose-7-1-300x225.jpg 300w\" sizes=\"(max-width: 640px) 100vw, 640px\" \/><\/figure>\n\n\n\n<figure class=\"wp-block-image size-full\"><img loading=\"lazy\" width=\"640\" height=\"480\" src=\"http:\/\/eviedanse-pelissanne.fr\/wp-content\/uploads\/2022\/10\/jeudi-oct-rose-9.jpg\" alt=\"\" class=\"wp-image-384\" srcset=\"http:\/\/eviedanse-pelissanne.fr\/wp-content\/uploads\/2022\/10\/jeudi-oct-rose-9.jpg 640w, http:\/\/eviedanse-pelissanne.fr\/wp-content\/uploads\/2022\/10\/jeudi-oct-rose-9-300x225.jpg 300w\" sizes=\"(max-width: 640px) 100vw, 640px\" \/><\/figure>\n\n\n\n<figure class=\"wp-block-image size-large\"><img loading=\"lazy\" width=\"768\" height=\"1024\" src=\"http:\/\/eviedanse-pelissanne.fr\/wp-content\/uploads\/2022\/10\/kit-cosmetique-oct-rose-768x1024.jpg\" alt=\"\" class=\"wp-image-385\" srcset=\"http:\/\/eviedanse-pelissanne.fr\/wp-content\/uploads\/2022\/10\/kit-cosmetique-oct-rose-768x1024.jpg 768w, http:\/\/eviedanse-pelissanne.fr\/wp-content\/uploads\/2022\/10\/kit-cosmetique-oct-rose-225x300.jpg 225w, http:\/\/eviedanse-pelissanne.fr\/wp-content\/uploads\/2022\/10\/kit-cosmetique-oct-rose-1152x1536.jpg 1152w, http:\/\/eviedanse-pelissanne.fr\/wp-content\/uploads\/2022\/10\/kit-cosmetique-oct-rose-1536x2048.jpg 1536w, http:\/\/eviedanse-pelissanne.fr\/wp-content\/uploads\/2022\/10\/kit-cosmetique-oct-rose-scaled.jpg 1920w\" sizes=\"(max-width: 768px) 100vw, 768px\" \/><\/figure>\n\n\n\n<figure class=\"wp-block-image size-large\"><img loading=\"lazy\" width=\"1024\" height=\"1024\" src=\"http:\/\/eviedanse-pelissanne.fr\/wp-content\/uploads\/2022\/10\/Cosmetiques-naturelles-Accessoires-bien-etre-1-1024x1024.png\" alt=\"\" class=\"wp-image-388\" srcset=\"http:\/\/eviedanse-pelissanne.fr\/wp-content\/uploads\/2022\/10\/Cosmetiques-naturelles-Accessoires-bien-etre-1-1024x1024.png 1024w, http:\/\/eviedanse-pelissanne.fr\/wp-content\/uploads\/2022\/10\/Cosmetiques-naturelles-Accessoires-bien-etre-1-300x300.png 300w, http:\/\/eviedanse-pelissanne.fr\/wp-content\/uploads\/2022\/10\/Cosmetiques-naturelles-Accessoires-bien-etre-1-150x150.png 150w, http:\/\/eviedanse-pelissanne.fr\/wp-content\/uploads\/2022\/10\/Cosmetiques-naturelles-Accessoires-bien-etre-1-768x768.png 768w, http:\/\/eviedanse-pelissanne.fr\/wp-content\/uploads\/2022\/10\/Cosmetiques-naturelles-Accessoires-bien-etre-1-100x100.png 100w, http:\/\/eviedanse-pelissanne.fr\/wp-content\/uploads\/2022\/10\/Cosmetiques-naturelles-Accessoires-bien-etre-1.png 1080w\" sizes=\"(max-width: 1024px) 100vw, 1024px\" \/><\/figure>\n","protected":false},"excerpt":{"rendered":"<p>C\u00e9line nous a propos\u00e9 une s\u00e9ance sp\u00e9ciale pour Octobre Rose, quelle belle soir\u00e9e ! Un moment pour prendre soin de soi tout en se rappelant que la pr\u00e9vention est le pilier de la lutte contre le cancer du sein. Se pr\u00e9occuper de soi et \u00eatre \u00e0 l&rsquo;\u00e9coute de son corps, voil\u00e0 ce que nous propose [&hellip;]<\/p>\n","protected":false},"author":2,"featured_media":389,"comment_status":"open","ping_status":"open","sticky":false,"template":"","format":"standard","meta":[],"categories":[1],"tags":[],"_links":{"self":[{"href":"http:\/\/eviedanse-pelissanne.fr\/index.php\/wp-json\/wp\/v2\/posts\/377"}],"collection":[{"href":"http:\/\/eviedanse-pelissanne.fr\/index.php\/wp-json\/wp\/v2\/posts"}],"about":[{"href":"http:\/\/eviedanse-pelissanne.fr\/index.php\/wp-json\/wp\/v2\/types\/post"}],"author":[{"embeddable":true,"href":"http:\/\/eviedanse-pelissanne.fr\/index.php\/wp-json\/wp\/v2\/users\/2"}],"replies":[{"embeddable":true,"href":"http:\/\/eviedanse-pelissanne.fr\/index.php\/wp-json\/wp\/v2\/comments?post=377"}],"version-history":[{"count":4,"href":"http:\/\/eviedanse-pelissanne.fr\/index.php\/wp-json\/wp\/v2\/posts\/377\/revisions"}],"predecessor-version":[{"id":444,"href":"http:\/\/eviedanse-pelissanne.fr\/index.php\/wp-json\/wp\/v2\/posts\/377\/revisions\/444"}],"wp:featuredmedia":[{"embeddable":true,"href":"http:\/\/eviedanse-pelissanne.fr\/index.php\/wp-json\/wp\/v2\/media\/389"}],"wp:attachment":[{"href":"http:\/\/eviedanse-pelissanne.fr\/index.php\/wp-json\/wp\/v2\/media?parent=377"}],"wp:term":[{"taxonomy":"category","embeddable":true,"href":"http:\/\/eviedanse-pelissanne.fr\/index.php\/wp-json\/wp\/v2\/categories?post=377"},{"taxonomy":"post_tag","embeddable":true,"href":"http:\/\/eviedanse-pelissanne.fr\/index.php\/wp-json\/wp\/v2\/tags?post=377"}],"curies":[{"name":"wp","href":"https:\/\/api.w.org\/{rel}","templated":true}]}}