{"id":419,"date":"2023-01-18T17:55:12","date_gmt":"2023-01-18T16:55:12","guid":{"rendered":"http:\/\/eviedanse-pelissanne.fr\/?p=419"},"modified":"2023-01-18T17:55:12","modified_gmt":"2023-01-18T16:55:12","slug":"on-sort","status":"publish","type":"post","link":"http:\/\/eviedanse-pelissanne.fr\/index.php\/2023\/01\/18\/on-sort\/","title":{"rendered":"ON SORT&#8230;"},"content":{"rendered":"\n<p>C\u00e9line a propos\u00e9 \u00e0 ses adh\u00e9rents une sortie cin\u00e9ma vendredi 13 janvier \u00e0 SALON au cin\u00e9 PLANET pour d\u00e9couvrir le film documentaire ETUGEN, Co-r\u00e9alis\u00e9 par Arnaud Riou &amp; Maud Baign\u00e8res qui \u00e9tait pr\u00e9sente lors de la soir\u00e9e.<\/p>\n\n\n\n<p>Le film nous plonge au c\u0153ur des plaines de Mongolie et des for\u00eats d&rsquo;Amazonie \ud83c\udf33<\/p>\n\n\n\n<p>Quels sont les pouvoirs de l&rsquo;esprit, de la connaissance ? Quel est notre rapport \u00e0 la nature ? En se posant ces questions le film est une invitation \u00e0 d\u00e9couvrir une sagesse universelle \u00e0 travers la rencontre de chamans, de gu\u00e9risseurs, de yogis mais aussi de philosophes et de m\u00e9decins. Ce film nous am\u00e8ne bien plus loin que nous ne l&rsquo;aurions imagin\u00e9.<\/p>\n\n\n\n<p>Bande annonce officiel \/ A propos de Arnaud Riou :<\/p>\n\n\n\n<p><a rel=\"noreferrer noopener\" href=\"https:\/\/www.youtube.com\/watch?v=8AYUvh1HvrA\" target=\"_blank\">https:\/\/www.youtube.com\/watch?v=8AYUvh1HvrA<\/a><br><a rel=\"noreferrer noopener\" href=\"https:\/\/www.youtube.com\/watch?v=epw-YwyFPlc\" target=\"_blank\">https:\/\/www.youtube.com\/watch?v=epw-YwyFPlc<\/a><\/p>\n\n\n\n<p>\u2b50pour toutes les personnes sensibles \u00e0 ce film documentaire,\u00a0\u00e0 notre plan\u00e8te et qui a envie de se pencher sur son bien-\u00eatre, si cela fait partie de vos bonnes r\u00e9solutions pour 2023, C\u00e9line a le plaisir de vous offrir une s\u00e9ance \u00ab\u00a0zen et\/ou\u00a0dynamic&rsquo; sur le mois de janvier. Pour toute information ou conna\u00eetre nos horaires de cours, vous pouvez joindre C\u00e9line au: 06 56 80 01 43 ou sur\u00a0<a rel=\"noreferrer noopener\" href=\"http:\/\/eviedanse-pelissanne.fr\/\" target=\"_blank\">eviedansepelissanne@gmail.com<\/a><br><\/p>\n\n\n\n<p><em>Prochainement C\u00e9line aura le plaisir de vous d\u00e9voiler le programme et la date de notre atelier \u00ab\u00a0voyage bien-\u00eatre\u00a0\u00bb en collaboration\u00a0avec M\u00e9lodie Lyonnet \u00ab\u00a0la musique du bien-\u00eatre\u00a0\u00bb.<\/em><\/p>\n","protected":false},"excerpt":{"rendered":"<p>C\u00e9line a propos\u00e9 \u00e0 ses adh\u00e9rents une sortie cin\u00e9ma vendredi 13 janvier \u00e0 SALON au cin\u00e9 PLANET pour d\u00e9couvrir le film documentaire ETUGEN, Co-r\u00e9alis\u00e9 par Arnaud Riou &amp; Maud Baign\u00e8res qui \u00e9tait pr\u00e9sente lors de la soir\u00e9e. Le film nous plonge au c\u0153ur des plaines de Mongolie et des for\u00eats d&rsquo;Amazonie \ud83c\udf33 Quels sont les [&hellip;]<\/p>\n","protected":false},"author":2,"featured_media":0,"comment_status":"open","ping_status":"open","sticky":false,"template":"","format":"standard","meta":[],"categories":[1],"tags":[],"_links":{"self":[{"href":"http:\/\/eviedanse-pelissanne.fr\/index.php\/wp-json\/wp\/v2\/posts\/419"}],"collection":[{"href":"http:\/\/eviedanse-pelissanne.fr\/index.php\/wp-json\/wp\/v2\/posts"}],"about":[{"href":"http:\/\/eviedanse-pelissanne.fr\/index.php\/wp-json\/wp\/v2\/types\/post"}],"author":[{"embeddable":true,"href":"http:\/\/eviedanse-pelissanne.fr\/index.php\/wp-json\/wp\/v2\/users\/2"}],"replies":[{"embeddable":true,"href":"http:\/\/eviedanse-pelissanne.fr\/index.php\/wp-json\/wp\/v2\/comments?post=419"}],"version-history":[{"count":2,"href":"http:\/\/eviedanse-pelissanne.fr\/index.php\/wp-json\/wp\/v2\/posts\/419\/revisions"}],"predecessor-version":[{"id":421,"href":"http:\/\/eviedanse-pelissanne.fr\/index.php\/wp-json\/wp\/v2\/posts\/419\/revisions\/421"}],"wp:attachment":[{"href":"http:\/\/eviedanse-pelissanne.fr\/index.php\/wp-json\/wp\/v2\/media?parent=419"}],"wp:term":[{"taxonomy":"category","embeddable":true,"href":"http:\/\/eviedanse-pelissanne.fr\/index.php\/wp-json\/wp\/v2\/categories?post=419"},{"taxonomy":"post_tag","embeddable":true,"href":"http:\/\/eviedanse-pelissanne.fr\/index.php\/wp-json\/wp\/v2\/tags?post=419"}],"curies":[{"name":"wp","href":"https:\/\/api.w.org\/{rel}","templated":true}]}}