{"id":422,"date":"2023-02-07T19:07:26","date_gmt":"2023-02-07T18:07:26","guid":{"rendered":"http:\/\/eviedanse-pelissanne.fr\/?p=422"},"modified":"2023-02-07T19:07:26","modified_gmt":"2023-02-07T18:07:26","slug":"proposition-fevrier-bulle-de-bien-etre","status":"publish","type":"post","link":"http:\/\/eviedanse-pelissanne.fr\/index.php\/2023\/02\/07\/proposition-fevrier-bulle-de-bien-etre\/","title":{"rendered":"PROPOSITION FEVRIER : BULLE DE BIEN \u00caTRE"},"content":{"rendered":"\n<p>Une envie de s&rsquo;isoler dans sa petite bulle de s\u00e9r\u00e9nit\u00e9 ?!<\/p>\n\n\n\n<p>\u00c7a tombe bien, en cette p\u00e9riode de douceur hivernale, C\u00e9line aura le plaisir d&rsquo;animer prochainement 2 ateliers de relaxation dynamique. <\/p>\n\n\n\n<p>Dans deux jolies salles o\u00f9 vous pourrez vous d\u00e9tendre et prendre soin de votre corps et votre mental.<br>Complexe G-Jackowsky. Rue du berger, 13330 Pelissanne : le mercredi 15 f\u00e9vrier de 19h15 \u00e0 20h30.<\/p>\n\n\n\n<p>Espace Colibri.13 ZA du Bas Taulet, Rte de Lambesc, 13330 P\u00e9lissanne : le mercredi 22 f\u00e9vrier de 19h15 \u00e0 20h30.<br>Profitez d&rsquo;un moment pour vous !<\/p>\n\n\n\n<p>R\u00e9 oxyg\u00e9nation par une respiration consciente pour une sensation de calme, d&rsquo;apaisement et de d\u00e9tente.<\/p>\n\n\n\n<p>D\u00e9velopper sa mobilit\u00e9 corporelle en douceur. <\/p>\n\n\n\n<p>Redynamiser son corps et trouver un alignement int\u00e9rieur sur les plans physiques et \u00e9nerg\u00e9tiques.<\/p>\n\n\n\n<p>Par un ensemble d&rsquo;exercices simples, debout et au sol, permettant la synchronisation de l&rsquo;\u00e9quilibre entre la respiration, le mouvement et le corps en lib\u00e9rant toutes les tensions inconscientes.<\/p>\n\n\n\n<p>Apprendre \u00e0 rel\u00e2cher, l\u00e2cher prise, \u00e9loigner le stress et la fatigue du quotidien &#8230;Alors n&rsquo;attendez pas !<br><\/p>\n\n\n\n<p>Pr\u00e9 r\u00e9servation conseill\u00e9e: au 06 56 81 01 43.<\/p>\n\n\n\n<p>Tarif adh\u00e9rent E vie Danse :12\u20ac Tarif non adh\u00e9rent:15\u20ac<br><\/p>\n\n\n\n<p>Pr\u00e9voir tapis (ou pr\u00eat), plaid et tenue confortable.<\/p>\n\n\n\n<figure class=\"wp-block-gallery columns-1 is-cropped\"><ul class=\"blocks-gallery-grid\"><li class=\"blocks-gallery-item\"><figure><img loading=\"lazy\" width=\"724\" height=\"1024\" src=\"http:\/\/eviedanse-pelissanne.fr\/wp-content\/uploads\/2023\/02\/bulle-bien-etre-fevrier-724x1024.png\" alt=\"\" data-id=\"423\" data-full-url=\"http:\/\/eviedanse-pelissanne.fr\/wp-content\/uploads\/2023\/02\/bulle-bien-etre-fevrier.png\" data-link=\"http:\/\/eviedanse-pelissanne.fr\/?attachment_id=423\" class=\"wp-image-423\" srcset=\"http:\/\/eviedanse-pelissanne.fr\/wp-content\/uploads\/2023\/02\/bulle-bien-etre-fevrier-724x1024.png 724w, http:\/\/eviedanse-pelissanne.fr\/wp-content\/uploads\/2023\/02\/bulle-bien-etre-fevrier-212x300.png 212w, http:\/\/eviedanse-pelissanne.fr\/wp-content\/uploads\/2023\/02\/bulle-bien-etre-fevrier-768x1086.png 768w, http:\/\/eviedanse-pelissanne.fr\/wp-content\/uploads\/2023\/02\/bulle-bien-etre-fevrier-1086x1536.png 1086w, http:\/\/eviedanse-pelissanne.fr\/wp-content\/uploads\/2023\/02\/bulle-bien-etre-fevrier-1448x2048.png 1448w, http:\/\/eviedanse-pelissanne.fr\/wp-content\/uploads\/2023\/02\/bulle-bien-etre-fevrier.png 1587w\" sizes=\"(max-width: 724px) 100vw, 724px\" \/><\/figure><\/li><\/ul><\/figure>\n","protected":false},"excerpt":{"rendered":"<p>Une envie de s&rsquo;isoler dans sa petite bulle de s\u00e9r\u00e9nit\u00e9 ?! \u00c7a tombe bien, en cette p\u00e9riode de douceur hivernale, C\u00e9line aura le plaisir d&rsquo;animer prochainement 2 ateliers de relaxation dynamique. Dans deux jolies salles o\u00f9 vous pourrez vous d\u00e9tendre et prendre soin de votre corps et votre mental.Complexe G-Jackowsky. Rue du berger, 13330 Pelissanne [&hellip;]<\/p>\n","protected":false},"author":2,"featured_media":0,"comment_status":"open","ping_status":"open","sticky":false,"template":"","format":"standard","meta":[],"categories":[1],"tags":[],"_links":{"self":[{"href":"http:\/\/eviedanse-pelissanne.fr\/index.php\/wp-json\/wp\/v2\/posts\/422"}],"collection":[{"href":"http:\/\/eviedanse-pelissanne.fr\/index.php\/wp-json\/wp\/v2\/posts"}],"about":[{"href":"http:\/\/eviedanse-pelissanne.fr\/index.php\/wp-json\/wp\/v2\/types\/post"}],"author":[{"embeddable":true,"href":"http:\/\/eviedanse-pelissanne.fr\/index.php\/wp-json\/wp\/v2\/users\/2"}],"replies":[{"embeddable":true,"href":"http:\/\/eviedanse-pelissanne.fr\/index.php\/wp-json\/wp\/v2\/comments?post=422"}],"version-history":[{"count":4,"href":"http:\/\/eviedanse-pelissanne.fr\/index.php\/wp-json\/wp\/v2\/posts\/422\/revisions"}],"predecessor-version":[{"id":427,"href":"http:\/\/eviedanse-pelissanne.fr\/index.php\/wp-json\/wp\/v2\/posts\/422\/revisions\/427"}],"wp:attachment":[{"href":"http:\/\/eviedanse-pelissanne.fr\/index.php\/wp-json\/wp\/v2\/media?parent=422"}],"wp:term":[{"taxonomy":"category","embeddable":true,"href":"http:\/\/eviedanse-pelissanne.fr\/index.php\/wp-json\/wp\/v2\/categories?post=422"},{"taxonomy":"post_tag","embeddable":true,"href":"http:\/\/eviedanse-pelissanne.fr\/index.php\/wp-json\/wp\/v2\/tags?post=422"}],"curies":[{"name":"wp","href":"https:\/\/api.w.org\/{rel}","templated":true}]}}