{"id":464,"date":"2023-05-18T18:18:52","date_gmt":"2023-05-18T16:18:52","guid":{"rendered":"http:\/\/eviedanse-pelissanne.fr\/?p=464"},"modified":"2023-05-18T18:18:52","modified_gmt":"2023-05-18T16:18:52","slug":"gala-2023","status":"publish","type":"post","link":"http:\/\/eviedanse-pelissanne.fr\/index.php\/2023\/05\/18\/gala-2023\/","title":{"rendered":"GALA 2023"},"content":{"rendered":"\n<figure class=\"wp-block-gallery columns-1 is-cropped\"><ul class=\"blocks-gallery-grid\"><li class=\"blocks-gallery-item\"><figure><img loading=\"lazy\" width=\"724\" height=\"1024\" src=\"http:\/\/eviedanse-pelissanne.fr\/wp-content\/uploads\/2023\/05\/GALA-2023-724x1024.jpg\" alt=\"\" data-id=\"465\" data-full-url=\"http:\/\/eviedanse-pelissanne.fr\/wp-content\/uploads\/2023\/05\/GALA-2023.jpg\" data-link=\"http:\/\/eviedanse-pelissanne.fr\/?attachment_id=465\" class=\"wp-image-465\" srcset=\"http:\/\/eviedanse-pelissanne.fr\/wp-content\/uploads\/2023\/05\/GALA-2023-724x1024.jpg 724w, http:\/\/eviedanse-pelissanne.fr\/wp-content\/uploads\/2023\/05\/GALA-2023-212x300.jpg 212w, http:\/\/eviedanse-pelissanne.fr\/wp-content\/uploads\/2023\/05\/GALA-2023-768x1086.jpg 768w, http:\/\/eviedanse-pelissanne.fr\/wp-content\/uploads\/2023\/05\/GALA-2023-1086x1536.jpg 1086w, http:\/\/eviedanse-pelissanne.fr\/wp-content\/uploads\/2023\/05\/GALA-2023.jpg 1414w\" sizes=\"(max-width: 724px) 100vw, 724px\" \/><\/figure><\/li><\/ul><figcaption class=\"blocks-gallery-caption\">Le 17 juin, nous vous attendons \u00e0 la salle MALACRIDA  pour un magnifique gala qui contera les 20 ans d&rsquo;activit\u00e9 danse de C\u00e9line, notre professeure de danse, sur la commune de PELISSANNE <\/figcaption><\/figure>\n\n\n\n<p>Un flashback sous les feux des projecteurs qui remontera jusqu&rsquo;en 2002<\/p>\n\n\n\n<p>Apr\u00e8s ces 2 derni\u00e8res ann\u00e9es difficiles o\u00f9 nous n&rsquo;avons pas pu mettre en avant les talents, petites et grandes danseuses auront \u00e0 c\u0153ur de vous \u00e9blouir sur des chor\u00e9graphies et sc\u00e9nographies mis en \u0153uvre avec brio par C\u00e9line.<\/p>\n\n\n\n<p>Nous gouterons un peu de nostalgie le temps de ce spectacle et il est \u00e0 parier que l&rsquo;\u00e9motion sera au rendez-vous.<\/p>\n\n\n\n<p>Nous vous esp\u00e9rons nombreuses et nombreux pour une soir\u00e9e conviviale. <\/p>\n","protected":false},"excerpt":{"rendered":"<p>Un flashback sous les feux des projecteurs qui remontera jusqu&rsquo;en 2002 Apr\u00e8s ces 2 derni\u00e8res ann\u00e9es difficiles o\u00f9 nous n&rsquo;avons pas pu mettre en avant les talents, petites et grandes danseuses auront \u00e0 c\u0153ur de vous \u00e9blouir sur des chor\u00e9graphies et sc\u00e9nographies mis en \u0153uvre avec brio par C\u00e9line. Nous gouterons un peu de nostalgie [&hellip;]<\/p>\n","protected":false},"author":2,"featured_media":0,"comment_status":"closed","ping_status":"","sticky":false,"template":"","format":"standard","meta":[],"categories":[1],"tags":[],"_links":{"self":[{"href":"http:\/\/eviedanse-pelissanne.fr\/index.php\/wp-json\/wp\/v2\/posts\/464"}],"collection":[{"href":"http:\/\/eviedanse-pelissanne.fr\/index.php\/wp-json\/wp\/v2\/posts"}],"about":[{"href":"http:\/\/eviedanse-pelissanne.fr\/index.php\/wp-json\/wp\/v2\/types\/post"}],"author":[{"embeddable":true,"href":"http:\/\/eviedanse-pelissanne.fr\/index.php\/wp-json\/wp\/v2\/users\/2"}],"replies":[{"embeddable":true,"href":"http:\/\/eviedanse-pelissanne.fr\/index.php\/wp-json\/wp\/v2\/comments?post=464"}],"version-history":[{"count":2,"href":"http:\/\/eviedanse-pelissanne.fr\/index.php\/wp-json\/wp\/v2\/posts\/464\/revisions"}],"predecessor-version":[{"id":467,"href":"http:\/\/eviedanse-pelissanne.fr\/index.php\/wp-json\/wp\/v2\/posts\/464\/revisions\/467"}],"wp:attachment":[{"href":"http:\/\/eviedanse-pelissanne.fr\/index.php\/wp-json\/wp\/v2\/media?parent=464"}],"wp:term":[{"taxonomy":"category","embeddable":true,"href":"http:\/\/eviedanse-pelissanne.fr\/index.php\/wp-json\/wp\/v2\/categories?post=464"},{"taxonomy":"post_tag","embeddable":true,"href":"http:\/\/eviedanse-pelissanne.fr\/index.php\/wp-json\/wp\/v2\/tags?post=464"}],"curies":[{"name":"wp","href":"https:\/\/api.w.org\/{rel}","templated":true}]}}