{"id":468,"date":"2023-06-09T20:52:40","date_gmt":"2023-06-09T18:52:40","guid":{"rendered":"http:\/\/eviedanse-pelissanne.fr\/?p=468"},"modified":"2023-06-09T20:52:40","modified_gmt":"2023-06-09T18:52:40","slug":"portes-ouvertes","status":"publish","type":"post","link":"http:\/\/eviedanse-pelissanne.fr\/index.php\/2023\/06\/09\/portes-ouvertes\/","title":{"rendered":"PORTES OUVERTES"},"content":{"rendered":"\n<figure class=\"wp-block-gallery columns-1 is-cropped\"><ul class=\"blocks-gallery-grid\"><li class=\"blocks-gallery-item\"><figure><img loading=\"lazy\" width=\"724\" height=\"1024\" src=\"http:\/\/eviedanse-pelissanne.fr\/wp-content\/uploads\/2023\/06\/danse-bien-etre-2023-724x1024.png\" alt=\"\" data-id=\"469\" data-full-url=\"http:\/\/eviedanse-pelissanne.fr\/wp-content\/uploads\/2023\/06\/danse-bien-etre-2023.png\" data-link=\"http:\/\/eviedanse-pelissanne.fr\/?attachment_id=469\" class=\"wp-image-469\" srcset=\"http:\/\/eviedanse-pelissanne.fr\/wp-content\/uploads\/2023\/06\/danse-bien-etre-2023-724x1024.png 724w, http:\/\/eviedanse-pelissanne.fr\/wp-content\/uploads\/2023\/06\/danse-bien-etre-2023-212x300.png 212w, http:\/\/eviedanse-pelissanne.fr\/wp-content\/uploads\/2023\/06\/danse-bien-etre-2023-768x1086.png 768w, http:\/\/eviedanse-pelissanne.fr\/wp-content\/uploads\/2023\/06\/danse-bien-etre-2023-1086x1536.png 1086w, http:\/\/eviedanse-pelissanne.fr\/wp-content\/uploads\/2023\/06\/danse-bien-etre-2023-1448x2048.png 1448w, http:\/\/eviedanse-pelissanne.fr\/wp-content\/uploads\/2023\/06\/danse-bien-etre-2023.png 1587w\" sizes=\"(max-width: 724px) 100vw, 724px\" \/><\/figure><\/li><\/ul><figcaption class=\"blocks-gallery-caption\"><strong>PORTES OUVERTES\u00a0 21 &amp; 22 JUIN<\/strong><br><br>La salle de danse Jackowsky vous ouvre grand ses portes pour une d\u00e9couverte des activit\u00e9s danse et bien-\u00eatre (cours d&rsquo;essais gratuits).<br>Profitez de ces journ\u00e9es pour d\u00e9couvrir les diff\u00e9rentes disciplines enseign\u00e9es et \u00e9changer avec la professeure,\u00a0C\u00e9line.\u00a0<br>Venez aussi d\u00e9couvrir notre belle salle, un espace danse et bien-\u00eatre de 179m2, lumineux et spacieux. Un lieu vous permettant de pratiquer en toute s\u00e9curit\u00e9 et en tout aisance sur un parquet flottant.<br>Une belle occasion pour se projeter sur les activit\u00e9s de la rentr\u00e9e 2023-2024.<br><br><br>PLANNING PORTES OUVERTES<br><br><br><em>MERCREDI 21-06:<\/em><br>5-7 ans\u00a0 Eveil danse : 15h00 &#8211; 15h45<br><br>3-4 ans\u00a0 Jardin dansant : 16h00 -16h45<br><br>8-11 ans\u00a0 Jazz pr\u00e9paratoire : 17h00 &#8211; 18h00<br><br>12-15 ans\u00a0 Jazz&rsquo; Dance : 18h00 &#8211; 19h00<br><br><br><em>MERCREDI 21-06\u00a0 &#8211;\u00a0 ATELIER BIEN ETRE<\/em><br>Ados-Adultes\u00a0 Atelier \u00ab\u00a0zen\u00a0\u00bb et \u00ab\u00a0Dynamique\u00a0\u00bb : 19h15 &#8211; 20h30<br><br><br><em>JEUDI 22-06:<\/em><br>Seniors\u00a0 Atelier Bien-\u00eatre: 16h &#8211; 17h<br>8-11 ans\u00a0 Moderne pr\u00e9paratoire : 17h15 &#8211; 18h15<br>12-15 ans\u00a0 Moderne \/ atelier CTP : 18h15 &#8211; 19h15<br>Ado- Adultes\u00a0 Moderne \/ atelier CTP : 19h30 &#8211; 20h30<br><br><br><br><strong>D\u00c9COUVERTE BIEN-\u00caTRE CORPS &amp; ESPRIT<\/strong><br>Une petite escapade pour prendre soin de vous. Profitez de la douce chaleur et venez d\u00e9couvrir un atelier de relaxation dynamique en pleine nature !<br><br><br><strong>Samedi 24 juin\u00a0 &#8211; RDV \u00e0 10h<\/strong><br>Acc\u00e8s libre &#8211; niveaux d\u00e9butants ou confirm\u00e9s &#8211; adolescents et adultes<br>Chemin des Caires (de la Carraire) &#8211; 13330 La Barben<br>Parking accessible aux alentours de la salle Alain Ruault.<br>Suivi d&rsquo;un pot de bienvenue et d&rsquo;un pique nique \u00e0 partager.<\/figcaption><\/figure>\n\n\n\n<p><\/p>\n","protected":false},"excerpt":{"rendered":"","protected":false},"author":2,"featured_media":0,"comment_status":"closed","ping_status":"","sticky":false,"template":"","format":"standard","meta":[],"categories":[1],"tags":[],"_links":{"self":[{"href":"http:\/\/eviedanse-pelissanne.fr\/index.php\/wp-json\/wp\/v2\/posts\/468"}],"collection":[{"href":"http:\/\/eviedanse-pelissanne.fr\/index.php\/wp-json\/wp\/v2\/posts"}],"about":[{"href":"http:\/\/eviedanse-pelissanne.fr\/index.php\/wp-json\/wp\/v2\/types\/post"}],"author":[{"embeddable":true,"href":"http:\/\/eviedanse-pelissanne.fr\/index.php\/wp-json\/wp\/v2\/users\/2"}],"replies":[{"embeddable":true,"href":"http:\/\/eviedanse-pelissanne.fr\/index.php\/wp-json\/wp\/v2\/comments?post=468"}],"version-history":[{"count":1,"href":"http:\/\/eviedanse-pelissanne.fr\/index.php\/wp-json\/wp\/v2\/posts\/468\/revisions"}],"predecessor-version":[{"id":470,"href":"http:\/\/eviedanse-pelissanne.fr\/index.php\/wp-json\/wp\/v2\/posts\/468\/revisions\/470"}],"wp:attachment":[{"href":"http:\/\/eviedanse-pelissanne.fr\/index.php\/wp-json\/wp\/v2\/media?parent=468"}],"wp:term":[{"taxonomy":"category","embeddable":true,"href":"http:\/\/eviedanse-pelissanne.fr\/index.php\/wp-json\/wp\/v2\/categories?post=468"},{"taxonomy":"post_tag","embeddable":true,"href":"http:\/\/eviedanse-pelissanne.fr\/index.php\/wp-json\/wp\/v2\/tags?post=468"}],"curies":[{"name":"wp","href":"https:\/\/api.w.org\/{rel}","templated":true}]}}