{"id":471,"date":"2023-07-02T21:54:30","date_gmt":"2023-07-02T19:54:30","guid":{"rendered":"http:\/\/eviedanse-pelissanne.fr\/?p=471"},"modified":"2023-07-02T21:54:30","modified_gmt":"2023-07-02T19:54:30","slug":"detente-et-bien-etre","status":"publish","type":"post","link":"http:\/\/eviedanse-pelissanne.fr\/index.php\/2023\/07\/02\/detente-et-bien-etre\/","title":{"rendered":"DETENTE ET BIEN \u00caTRE"},"content":{"rendered":"\n<p>Venez transformer votre stress en \u00e9nergie positive pour profiter pleinement de&nbsp;l\u2019\u00e9t\u00e9 gr\u00e2ce \u00e0 la r\u00e9flexologie chinoise et la relaxation dynamique !&nbsp;<\/p>\n\n\n\n<p>\u00a0L\u2019arriv\u00e9e de l\u2019\u00e9t\u00e9, symbole de lumi\u00e8re et de chaleur, annonce un changement de rythme avec l\u2019apparition d\u2019une nouvelle \u00e9nergie : celle du Feu, associ\u00e9e \u00e0 la chaleur, et reli\u00e9e au C\u0153ur, l\u2019organe Empereur, qui symbolise la joie de vivre.<\/p>\n\n\n\n<p>C\u2019est la p\u00e9riode propice pour vivre dehors, profiter, d\u00e9couvrir, s\u2019ouvrir, se r\u00e9jouir, festoyer, partager, et la p\u00e9riode tant attendue des vacances.\u00a0<\/p>\n\n\n\n<p>Pour passer cette saison dans les meilleures conditions, la r\u00e9flexologie et la relaxation sont tr\u00e8s efficaces pour aider le corps \u00e0 s\u2019adapter et \u00e0 garder son \u00ab\u00a0sang froid\u00a0\u00bb\u00a0. C\u2019est le moment de chouchouter son C\u0153ur, apaiser son mental et son corps. Et bien s\u00fbr prendre soin de ses \u00e9motions\u00a0<\/p>\n\n\n\n<p>Alors venez d\u00e9couvrir lors de ces ateliers comment retrouver une sensation de pl\u00e9nitude, de satisfaction et de bien-\u00eatre.<\/p>\n\n\n\n<p>Vous repartirez avec :<\/p>\n\n\n\n<p>\u00a0une meilleure connaissance du fonctionnement de votre corps<\/p>\n\n\n\n<p>\u00a0des outils pour restaurer l\u2019\u00e9quilibre de votre corps<\/p>\n\n\n\n<p>\u00a0un programme pour placer une bonne respiration profonde<\/p>\n\n\n\n<p>\u00a0une d\u00e9tente compl\u00e8te de votre corps et de votre mental<\/p>\n\n\n\n<p>\u00a0une connaissance des\u00a0principaux\u00a0 points de pression \u00e0 stimuler au niveau des mains pour r\u00e9veiller les zones r\u00e9flexes et soulager les douleurs\u00a0<strong>Vendredi 7 juillet :<\/strong>\u00a0Atelier r\u00e9flexologie palmaire de 19h \u00e0 19h45 avec Samantha. Suivi d&rsquo;un atelier relaxation dynamique de 19h45 \u00e0 20h30 avec C\u00e9line. Dans un lieu propice \u00e0 la d\u00e9tente, l&rsquo;espace Colibri, route de Lambesc.\u00a0Au plaisir de vous y retrouver !Programme et informations d\u00e9taill\u00e9s sur:\u00a0<a rel=\"noreferrer noopener\" href=\"http:\/\/atelierdansebienetre.fr\/\" target=\"_blank\">atelierdansebienetre.fr<\/a><\/p>\n\n\n\n<figure class=\"wp-block-gallery columns-1 is-cropped\"><ul class=\"blocks-gallery-grid\"><li class=\"blocks-gallery-item\"><figure><img loading=\"lazy\" width=\"724\" height=\"1024\" src=\"http:\/\/eviedanse-pelissanne.fr\/wp-content\/uploads\/2023\/07\/07-07-2-724x1024.png\" alt=\"\" data-id=\"472\" data-full-url=\"http:\/\/eviedanse-pelissanne.fr\/wp-content\/uploads\/2023\/07\/07-07-2.png\" data-link=\"http:\/\/eviedanse-pelissanne.fr\/?attachment_id=472\" class=\"wp-image-472\" srcset=\"http:\/\/eviedanse-pelissanne.fr\/wp-content\/uploads\/2023\/07\/07-07-2-724x1024.png 724w, http:\/\/eviedanse-pelissanne.fr\/wp-content\/uploads\/2023\/07\/07-07-2-212x300.png 212w, http:\/\/eviedanse-pelissanne.fr\/wp-content\/uploads\/2023\/07\/07-07-2-768x1086.png 768w, http:\/\/eviedanse-pelissanne.fr\/wp-content\/uploads\/2023\/07\/07-07-2-1086x1536.png 1086w, http:\/\/eviedanse-pelissanne.fr\/wp-content\/uploads\/2023\/07\/07-07-2-1448x2048.png 1448w, http:\/\/eviedanse-pelissanne.fr\/wp-content\/uploads\/2023\/07\/07-07-2.png 1587w\" sizes=\"(max-width: 724px) 100vw, 724px\" \/><\/figure><\/li><\/ul><\/figure>\n","protected":false},"excerpt":{"rendered":"<p>Venez transformer votre stress en \u00e9nergie positive pour profiter pleinement de&nbsp;l\u2019\u00e9t\u00e9 gr\u00e2ce \u00e0 la r\u00e9flexologie chinoise et la relaxation dynamique !&nbsp; \u00a0L\u2019arriv\u00e9e de l\u2019\u00e9t\u00e9, symbole de lumi\u00e8re et de chaleur, annonce un changement de rythme avec l\u2019apparition d\u2019une nouvelle \u00e9nergie : celle du Feu, associ\u00e9e \u00e0 la chaleur, et reli\u00e9e au C\u0153ur, l\u2019organe Empereur, qui [&hellip;]<\/p>\n","protected":false},"author":2,"featured_media":0,"comment_status":"closed","ping_status":"","sticky":false,"template":"","format":"standard","meta":[],"categories":[1],"tags":[],"_links":{"self":[{"href":"http:\/\/eviedanse-pelissanne.fr\/index.php\/wp-json\/wp\/v2\/posts\/471"}],"collection":[{"href":"http:\/\/eviedanse-pelissanne.fr\/index.php\/wp-json\/wp\/v2\/posts"}],"about":[{"href":"http:\/\/eviedanse-pelissanne.fr\/index.php\/wp-json\/wp\/v2\/types\/post"}],"author":[{"embeddable":true,"href":"http:\/\/eviedanse-pelissanne.fr\/index.php\/wp-json\/wp\/v2\/users\/2"}],"replies":[{"embeddable":true,"href":"http:\/\/eviedanse-pelissanne.fr\/index.php\/wp-json\/wp\/v2\/comments?post=471"}],"version-history":[{"count":2,"href":"http:\/\/eviedanse-pelissanne.fr\/index.php\/wp-json\/wp\/v2\/posts\/471\/revisions"}],"predecessor-version":[{"id":474,"href":"http:\/\/eviedanse-pelissanne.fr\/index.php\/wp-json\/wp\/v2\/posts\/471\/revisions\/474"}],"wp:attachment":[{"href":"http:\/\/eviedanse-pelissanne.fr\/index.php\/wp-json\/wp\/v2\/media?parent=471"}],"wp:term":[{"taxonomy":"category","embeddable":true,"href":"http:\/\/eviedanse-pelissanne.fr\/index.php\/wp-json\/wp\/v2\/categories?post=471"},{"taxonomy":"post_tag","embeddable":true,"href":"http:\/\/eviedanse-pelissanne.fr\/index.php\/wp-json\/wp\/v2\/tags?post=471"}],"curies":[{"name":"wp","href":"https:\/\/api.w.org\/{rel}","templated":true}]}}