{"id":475,"date":"2023-07-12T11:55:01","date_gmt":"2023-07-12T09:55:01","guid":{"rendered":"http:\/\/eviedanse-pelissanne.fr\/?p=475"},"modified":"2023-08-19T17:04:21","modified_gmt":"2023-08-19T15:04:21","slug":"forum-des-associations","status":"publish","type":"post","link":"http:\/\/eviedanse-pelissanne.fr\/index.php\/2023\/07\/12\/forum-des-associations\/","title":{"rendered":"FORUM DES ASSOCIATIONS"},"content":{"rendered":"\n<p>Bonjour \u00e0 tous<\/p>\n\n\n\n<p>On vous retrouve en forme au forum des associations le 02 septembre 2023, \u00e0 partir de 13h30, PELISSANNE BOULEGUE se d\u00e9clinera sous forme de village&nbsp;: complexe Malacrida, salle Lhermet-Jackowski, gymnase Tacher, &nbsp;stades.<\/p>\n\n\n\n<p>Nous serons quant \u00e0 nous positionner dans la salle de danse au complexe LHERMET- JACKOWSKI<\/p>\n\n\n\n<p>On vous y attend nombreux pour d\u00e9couvrir les activit\u00e9s propos\u00e9es par C\u00e9line<\/p>\n\n\n\n<p><\/p>\n\n\n\n<p>Nous serons aussi pr\u00e9sents le jeudi 31 ao\u00fbt pour l&rsquo;accueil des nouveaux arrivants sur notre belle commune, nous irons \u00e0 votre rencontre pour vous proposer nos activit\u00e9s, rendez vous pris \u00e0 18h30 au Parc Roux de Brignoles <\/p>\n\n\n\n<p>Les horaires et le programme de la rentr\u00e9e sera bient\u00f4t sur votre site <\/p>\n\n\n\n<p><\/p>\n\n\n\n<p>A bient\u00f4t !!!<\/p>\n\n\n\n<p><\/p>\n\n\n\n<p>Programme de la Mairie<\/p>\n\n\n\n<div class=\"wp-block-file\"><object class=\"wp-block-file__embed\" data=\"http:\/\/eviedanse-pelissanne.fr\/wp-content\/uploads\/2023\/08\/Plan-du-village-avec-QR-2023.pdf\" type=\"application\/pdf\" style=\"width:100%;height:460px\" aria-label=\"Contenu embarqu\u00e9 Plan-du-village-avec-QR-2023.\"><\/object><a href=\"http:\/\/eviedanse-pelissanne.fr\/wp-content\/uploads\/2023\/08\/Plan-du-village-avec-QR-2023.pdf\">Plan-du-village-avec-QR-2023<\/a><a href=\"http:\/\/eviedanse-pelissanne.fr\/wp-content\/uploads\/2023\/08\/Plan-du-village-avec-QR-2023.pdf\" class=\"wp-block-file__button\" download>T\u00e9l\u00e9charger<\/a><\/div>\n","protected":false},"excerpt":{"rendered":"<p>Bonjour \u00e0 tous On vous retrouve en forme au forum des associations le 02 septembre 2023, \u00e0 partir de 13h30, PELISSANNE BOULEGUE se d\u00e9clinera sous forme de village&nbsp;: complexe Malacrida, salle Lhermet-Jackowski, gymnase Tacher, &nbsp;stades. Nous serons quant \u00e0 nous positionner dans la salle de danse au complexe LHERMET- JACKOWSKI On vous y attend nombreux [&hellip;]<\/p>\n","protected":false},"author":2,"featured_media":0,"comment_status":"closed","ping_status":"","sticky":false,"template":"","format":"standard","meta":[],"categories":[1],"tags":[],"_links":{"self":[{"href":"http:\/\/eviedanse-pelissanne.fr\/index.php\/wp-json\/wp\/v2\/posts\/475"}],"collection":[{"href":"http:\/\/eviedanse-pelissanne.fr\/index.php\/wp-json\/wp\/v2\/posts"}],"about":[{"href":"http:\/\/eviedanse-pelissanne.fr\/index.php\/wp-json\/wp\/v2\/types\/post"}],"author":[{"embeddable":true,"href":"http:\/\/eviedanse-pelissanne.fr\/index.php\/wp-json\/wp\/v2\/users\/2"}],"replies":[{"embeddable":true,"href":"http:\/\/eviedanse-pelissanne.fr\/index.php\/wp-json\/wp\/v2\/comments?post=475"}],"version-history":[{"count":4,"href":"http:\/\/eviedanse-pelissanne.fr\/index.php\/wp-json\/wp\/v2\/posts\/475\/revisions"}],"predecessor-version":[{"id":508,"href":"http:\/\/eviedanse-pelissanne.fr\/index.php\/wp-json\/wp\/v2\/posts\/475\/revisions\/508"}],"wp:attachment":[{"href":"http:\/\/eviedanse-pelissanne.fr\/index.php\/wp-json\/wp\/v2\/media?parent=475"}],"wp:term":[{"taxonomy":"category","embeddable":true,"href":"http:\/\/eviedanse-pelissanne.fr\/index.php\/wp-json\/wp\/v2\/categories?post=475"},{"taxonomy":"post_tag","embeddable":true,"href":"http:\/\/eviedanse-pelissanne.fr\/index.php\/wp-json\/wp\/v2\/tags?post=475"}],"curies":[{"name":"wp","href":"https:\/\/api.w.org\/{rel}","templated":true}]}}