{"id":520,"date":"2023-09-03T18:30:15","date_gmt":"2023-09-03T16:30:15","guid":{"rendered":"http:\/\/eviedanse-pelissanne.fr\/?p=520"},"modified":"2023-09-03T18:30:15","modified_gmt":"2023-09-03T16:30:15","slug":"on-y-etait","status":"publish","type":"post","link":"http:\/\/eviedanse-pelissanne.fr\/index.php\/2023\/09\/03\/on-y-etait\/","title":{"rendered":"ON Y ETAIT&#8230;"},"content":{"rendered":"\n<p>Cette semaine, nous nous sommes mis dans l&rsquo;ambiance de la rentr\u00e9e !<\/p>\n\n\n\n<p>Nous sommes venus nous pr\u00e9senter lors de la soir\u00e9e r\u00e9serv\u00e9e \u00e0 l&rsquo;accueil des nouveaux arrivants sur la commune de PELISSANNE, organis\u00e9e par la Mairie, jeudi 31 ao\u00fbt sur la place devant la Mairie.<\/p>\n\n\n\n<p>Un moment convivial et d&rsquo;\u00e9changes avec ces nouveaux P\u00e9lissannais<\/p>\n\n\n\n<figure class=\"wp-block-gallery columns-2 is-cropped\"><ul class=\"blocks-gallery-grid\"><li class=\"blocks-gallery-item\"><figure><img loading=\"lazy\" width=\"1024\" height=\"768\" src=\"http:\/\/eviedanse-pelissanne.fr\/wp-content\/uploads\/2023\/09\/Accueil-nvx-arrivants-23-1024x768.jpg\" alt=\"\" data-id=\"521\" data-link=\"http:\/\/eviedanse-pelissanne.fr\/?attachment_id=521\" class=\"wp-image-521\" srcset=\"http:\/\/eviedanse-pelissanne.fr\/wp-content\/uploads\/2023\/09\/Accueil-nvx-arrivants-23-1024x768.jpg 1024w, http:\/\/eviedanse-pelissanne.fr\/wp-content\/uploads\/2023\/09\/Accueil-nvx-arrivants-23-300x225.jpg 300w, http:\/\/eviedanse-pelissanne.fr\/wp-content\/uploads\/2023\/09\/Accueil-nvx-arrivants-23-768x576.jpg 768w, http:\/\/eviedanse-pelissanne.fr\/wp-content\/uploads\/2023\/09\/Accueil-nvx-arrivants-23-1536x1152.jpg 1536w, http:\/\/eviedanse-pelissanne.fr\/wp-content\/uploads\/2023\/09\/Accueil-nvx-arrivants-23-2048x1536.jpg 2048w\" sizes=\"(max-width: 1024px) 100vw, 1024px\" \/><\/figure><\/li><li class=\"blocks-gallery-item\"><figure><img loading=\"lazy\" width=\"1024\" height=\"768\" src=\"http:\/\/eviedanse-pelissanne.fr\/wp-content\/uploads\/2023\/09\/Accueil-nvx-arrivants-gp-23-1024x768.jpg\" alt=\"\" data-id=\"522\" data-full-url=\"http:\/\/eviedanse-pelissanne.fr\/wp-content\/uploads\/2023\/09\/Accueil-nvx-arrivants-gp-23-scaled.jpg\" data-link=\"http:\/\/eviedanse-pelissanne.fr\/?attachment_id=522\" class=\"wp-image-522\" srcset=\"http:\/\/eviedanse-pelissanne.fr\/wp-content\/uploads\/2023\/09\/Accueil-nvx-arrivants-gp-23-1024x768.jpg 1024w, http:\/\/eviedanse-pelissanne.fr\/wp-content\/uploads\/2023\/09\/Accueil-nvx-arrivants-gp-23-300x225.jpg 300w, http:\/\/eviedanse-pelissanne.fr\/wp-content\/uploads\/2023\/09\/Accueil-nvx-arrivants-gp-23-768x576.jpg 768w, http:\/\/eviedanse-pelissanne.fr\/wp-content\/uploads\/2023\/09\/Accueil-nvx-arrivants-gp-23-1536x1152.jpg 1536w, http:\/\/eviedanse-pelissanne.fr\/wp-content\/uploads\/2023\/09\/Accueil-nvx-arrivants-gp-23-2048x1536.jpg 2048w\" sizes=\"(max-width: 1024px) 100vw, 1024px\" \/><\/figure><\/li><\/ul><\/figure>\n\n\n\n<p> Samedi 2 septembre, direction le forum des associations, nous avons eu le plaisir de voir nos adh\u00e9rents de l&rsquo;ann\u00e9e  derni\u00e8re qui sont pass\u00e9s nous faire un petit bonjour et r\u00e9cup\u00e9rer leur fiche d&rsquo;inscription pour une nouvelle ann\u00e9e de danse ou de relaxation !! Nous avons pu rencontrer de futurs \u00e9l\u00e8ves et de nombreuses personnes en qu\u00eate de bien \u00eatre et de d\u00e9tente&#8230; Nombreux sont ceux aussi que se sont arr\u00eater regarder les films de d\u00e9monstrations qui tournaient sur la t\u00e9l\u00e9vision install\u00e9e par C\u00e9line, une fa\u00e7on d&rsquo;\u00e9voquer des souvenirs et de voir quelques d\u00e9monstrations.<\/p>\n\n\n\n<p>C\u00e9line a expliqu\u00e9 aussi les nouveaut\u00e9s de la rentr\u00e9e, tout un programme \ud83d\ude09 mais o\u00f9 va t&rsquo;elle chercher tout \u00e7a !!!<\/p>\n\n\n\n<figure class=\"wp-block-gallery columns-1 is-cropped\"><ul class=\"blocks-gallery-grid\"><li class=\"blocks-gallery-item\"><figure><img loading=\"lazy\" width=\"1024\" height=\"768\" src=\"http:\/\/eviedanse-pelissanne.fr\/wp-content\/uploads\/2023\/09\/Photo-BOULEGUE-23-1024x768.jpg\" alt=\"\" data-id=\"523\" data-full-url=\"http:\/\/eviedanse-pelissanne.fr\/wp-content\/uploads\/2023\/09\/Photo-BOULEGUE-23-scaled.jpg\" data-link=\"http:\/\/eviedanse-pelissanne.fr\/?attachment_id=523\" class=\"wp-image-523\" srcset=\"http:\/\/eviedanse-pelissanne.fr\/wp-content\/uploads\/2023\/09\/Photo-BOULEGUE-23-1024x768.jpg 1024w, http:\/\/eviedanse-pelissanne.fr\/wp-content\/uploads\/2023\/09\/Photo-BOULEGUE-23-300x225.jpg 300w, http:\/\/eviedanse-pelissanne.fr\/wp-content\/uploads\/2023\/09\/Photo-BOULEGUE-23-768x576.jpg 768w, http:\/\/eviedanse-pelissanne.fr\/wp-content\/uploads\/2023\/09\/Photo-BOULEGUE-23-1536x1152.jpg 1536w, http:\/\/eviedanse-pelissanne.fr\/wp-content\/uploads\/2023\/09\/Photo-BOULEGUE-23-2048x1536.jpg 2048w\" sizes=\"(max-width: 1024px) 100vw, 1024px\" \/><\/figure><\/li><\/ul><\/figure>\n\n\n\n<p>On vous attend nombreux \u00e0 partir du 13 septembre pour une rentr\u00e9e haute en couleur !!!<\/p>\n","protected":false},"excerpt":{"rendered":"<p>Cette semaine, nous nous sommes mis dans l&rsquo;ambiance de la rentr\u00e9e ! Nous sommes venus nous pr\u00e9senter lors de la soir\u00e9e r\u00e9serv\u00e9e \u00e0 l&rsquo;accueil des nouveaux arrivants sur la commune de PELISSANNE, organis\u00e9e par la Mairie, jeudi 31 ao\u00fbt sur la place devant la Mairie. Un moment convivial et d&rsquo;\u00e9changes avec ces nouveaux P\u00e9lissannais Samedi [&hellip;]<\/p>\n","protected":false},"author":2,"featured_media":0,"comment_status":"closed","ping_status":"","sticky":false,"template":"","format":"standard","meta":[],"categories":[1],"tags":[],"_links":{"self":[{"href":"http:\/\/eviedanse-pelissanne.fr\/index.php\/wp-json\/wp\/v2\/posts\/520"}],"collection":[{"href":"http:\/\/eviedanse-pelissanne.fr\/index.php\/wp-json\/wp\/v2\/posts"}],"about":[{"href":"http:\/\/eviedanse-pelissanne.fr\/index.php\/wp-json\/wp\/v2\/types\/post"}],"author":[{"embeddable":true,"href":"http:\/\/eviedanse-pelissanne.fr\/index.php\/wp-json\/wp\/v2\/users\/2"}],"replies":[{"embeddable":true,"href":"http:\/\/eviedanse-pelissanne.fr\/index.php\/wp-json\/wp\/v2\/comments?post=520"}],"version-history":[{"count":1,"href":"http:\/\/eviedanse-pelissanne.fr\/index.php\/wp-json\/wp\/v2\/posts\/520\/revisions"}],"predecessor-version":[{"id":524,"href":"http:\/\/eviedanse-pelissanne.fr\/index.php\/wp-json\/wp\/v2\/posts\/520\/revisions\/524"}],"wp:attachment":[{"href":"http:\/\/eviedanse-pelissanne.fr\/index.php\/wp-json\/wp\/v2\/media?parent=520"}],"wp:term":[{"taxonomy":"category","embeddable":true,"href":"http:\/\/eviedanse-pelissanne.fr\/index.php\/wp-json\/wp\/v2\/categories?post=520"},{"taxonomy":"post_tag","embeddable":true,"href":"http:\/\/eviedanse-pelissanne.fr\/index.php\/wp-json\/wp\/v2\/tags?post=520"}],"curies":[{"name":"wp","href":"https:\/\/api.w.org\/{rel}","templated":true}]}}