{"id":530,"date":"2023-10-16T19:20:42","date_gmt":"2023-10-16T17:20:42","guid":{"rendered":"http:\/\/eviedanse-pelissanne.fr\/?p=530"},"modified":"2023-10-16T19:20:42","modified_gmt":"2023-10-16T17:20:42","slug":"octobre-rose-2023","status":"publish","type":"post","link":"http:\/\/eviedanse-pelissanne.fr\/index.php\/2023\/10\/16\/octobre-rose-2023\/","title":{"rendered":"OCTOBRE ROSE 2023"},"content":{"rendered":"\n<figure class=\"wp-block-image size-full is-resized\"><img loading=\"lazy\" src=\"http:\/\/eviedanse-pelissanne.fr\/wp-content\/uploads\/2023\/10\/image.png\" alt=\"\" class=\"wp-image-531\" width=\"105\" height=\"105\" srcset=\"http:\/\/eviedanse-pelissanne.fr\/wp-content\/uploads\/2023\/10\/image.png 612w, http:\/\/eviedanse-pelissanne.fr\/wp-content\/uploads\/2023\/10\/image-300x300.png 300w, http:\/\/eviedanse-pelissanne.fr\/wp-content\/uploads\/2023\/10\/image-150x150.png 150w, http:\/\/eviedanse-pelissanne.fr\/wp-content\/uploads\/2023\/10\/image-100x100.png 100w\" sizes=\"(max-width: 105px) 100vw, 105px\" \/><\/figure>\n\n\n\n<p><br>\ud83c\udf37Le\u00a0mercredi\u00a018 octobre il vous sera propos\u00e9 un atelier bien-\u00eatre de 19h \u00e0 20h15. Un nouveau programme (s\u00e9ries d&rsquo;exercices) vous sera concoct\u00e9 pour cette soir\u00e9e \u00ab\u00a0octobre rose\u00a0\u00bb.\u00a0Pour ceux qui souhaitent rester nous encha\u00eenerons avec le Dr Rey Charl\u00e8ne qui sera pr\u00e9sente au c\u00f4t\u00e9s de C\u00e9line pour vous sensibiliser sur l&rsquo;autopalpation mammaire. Laurence \u00ab\u00a0lilomod_conseils\u00a0\u00bb, conseill\u00e8re en image sera quant \u00e0 elle pr\u00e9sente d\u00e8s 18h00 pour pr\u00e9senter des produits de soin \u00ab\u00a0M\u00eame\u00a0\u00bb. Des cosm\u00e9tiques\u00a0d\u00e9velopp\u00e9s pour r\u00e9pondre \u00e0 chaque probl\u00e8me de peau, sensible et s\u00e8che. <\/p>\n\n\n\n<p>\ud83c\udf37Pourquoi en parler :<\/p>\n\n\n\n<p>&#8211; 1 femme sur 8 risques de d\u00e9velopper un cancer du sein dans sa vie&nbsp;<\/p>\n\n\n\n<p>&nbsp;&#8211; Plus de 58 000 personnes en ont \u00e9t\u00e9 atteintes en 2022&nbsp;<\/p>\n\n\n\n<p>&#8211; Pr\u00e8s de 76 % de ces personnes en survivront (suivis sur 10 ans)&nbsp;<\/p>\n\n\n\n<p>&nbsp;&#8211; 1 % des cas du cancer du sein sont des hommes mais ce sont aussi les cas les plus graves.<\/p>\n\n\n\n<p>Tous ces chiffres peuvent diminuer gr\u00e2ce \u00e0 vous, en permettant \u00e0 tout un chacun d&rsquo;en savoir plus sur cette maladie qui, si elle reste encore taboue, peut \u00eatre d\u00e9pist\u00e9e tr\u00e8s t\u00f4t et augmenter drastiquement les chances d&rsquo;en gu\u00e9rir.<\/p>\n\n\n\n<p>\ud83c\udf37 Pour aller plus loin l&rsquo;association r\u00e9seau Etinc&rsquo;Elles. S\u00e9ance vous propose des s\u00e9ances gratuites d&rsquo;initiation \u00e0 l&rsquo;autopalpation et plus g\u00e9n\u00e9ralement du d\u00e9pistage du cancer le samedi 21\/10 au cabinet, 261 avenue du\u00a022 ao\u00fbt 1944\u00a0\u00e0 Salon de Provence.<\/p>\n\n\n\n<p>\ud83e\uddd8\u200d\u2642\ufe0f\ud83e\uddd8\u200d\u2640\ufe0f\u00a0Mesdames et messieurs, n&rsquo;h\u00e9sitez pas \u00e0 venir nombreux profiter de tous les bienfaits d&rsquo;un atelier bien-\u00eatre (gratuit) et des recommandations d&rsquo;un professionnel de sant\u00e9. Cet atelier bien-\u00eatre est propos\u00e9 \u00e0 vous adh\u00e9rents du bien-\u00eatre, parents, mais aussi \u00e0 votre entourage.<\/p>\n\n\n\n<p><\/p>\n","protected":false},"excerpt":{"rendered":"<p>\ud83c\udf37Le\u00a0mercredi\u00a018 octobre il vous sera propos\u00e9 un atelier bien-\u00eatre de 19h \u00e0 20h15. Un nouveau programme (s\u00e9ries d&rsquo;exercices) vous sera concoct\u00e9 pour cette soir\u00e9e \u00ab\u00a0octobre rose\u00a0\u00bb.\u00a0Pour ceux qui souhaitent rester nous encha\u00eenerons avec le Dr Rey Charl\u00e8ne qui sera pr\u00e9sente au c\u00f4t\u00e9s de C\u00e9line pour vous sensibiliser sur l&rsquo;autopalpation mammaire. Laurence \u00ab\u00a0lilomod_conseils\u00a0\u00bb, conseill\u00e8re en image [&hellip;]<\/p>\n","protected":false},"author":2,"featured_media":0,"comment_status":"closed","ping_status":"","sticky":false,"template":"","format":"standard","meta":[],"categories":[1],"tags":[],"_links":{"self":[{"href":"http:\/\/eviedanse-pelissanne.fr\/index.php\/wp-json\/wp\/v2\/posts\/530"}],"collection":[{"href":"http:\/\/eviedanse-pelissanne.fr\/index.php\/wp-json\/wp\/v2\/posts"}],"about":[{"href":"http:\/\/eviedanse-pelissanne.fr\/index.php\/wp-json\/wp\/v2\/types\/post"}],"author":[{"embeddable":true,"href":"http:\/\/eviedanse-pelissanne.fr\/index.php\/wp-json\/wp\/v2\/users\/2"}],"replies":[{"embeddable":true,"href":"http:\/\/eviedanse-pelissanne.fr\/index.php\/wp-json\/wp\/v2\/comments?post=530"}],"version-history":[{"count":2,"href":"http:\/\/eviedanse-pelissanne.fr\/index.php\/wp-json\/wp\/v2\/posts\/530\/revisions"}],"predecessor-version":[{"id":533,"href":"http:\/\/eviedanse-pelissanne.fr\/index.php\/wp-json\/wp\/v2\/posts\/530\/revisions\/533"}],"wp:attachment":[{"href":"http:\/\/eviedanse-pelissanne.fr\/index.php\/wp-json\/wp\/v2\/media?parent=530"}],"wp:term":[{"taxonomy":"category","embeddable":true,"href":"http:\/\/eviedanse-pelissanne.fr\/index.php\/wp-json\/wp\/v2\/categories?post=530"},{"taxonomy":"post_tag","embeddable":true,"href":"http:\/\/eviedanse-pelissanne.fr\/index.php\/wp-json\/wp\/v2\/tags?post=530"}],"curies":[{"name":"wp","href":"https:\/\/api.w.org\/{rel}","templated":true}]}}