{"id":534,"date":"2023-10-18T15:25:05","date_gmt":"2023-10-18T13:25:05","guid":{"rendered":"http:\/\/eviedanse-pelissanne.fr\/?p=534"},"modified":"2023-10-18T15:35:20","modified_gmt":"2023-10-18T13:35:20","slug":"vacances-de-la-toussaint","status":"publish","type":"post","link":"http:\/\/eviedanse-pelissanne.fr\/index.php\/2023\/10\/18\/vacances-de-la-toussaint\/","title":{"rendered":"VACANCES DE LA TOUSSAINT"},"content":{"rendered":"\n<p>Voici les propositions de C\u00e9line pour passer de bonnes vacances de TOUSSAINT, vous n&rsquo;avez pas de vacances ?? Profitez d&rsquo;autant plus des ateliers pour vous d\u00e9tendre apr\u00e8s le travail, on se ressource quand m\u00eame&#8230;On vous attend. Contactez C\u00e9line pour plus d&rsquo;informations&#8230;<\/p>\n\n\n\n<figure class=\"wp-block-image size-large\"><img loading=\"lazy\" width=\"724\" height=\"1024\" src=\"http:\/\/eviedanse-pelissanne.fr\/wp-content\/uploads\/2023\/10\/Danse-Toussaint-2023-724x1024.jpg\" alt=\"\" class=\"wp-image-535\" srcset=\"http:\/\/eviedanse-pelissanne.fr\/wp-content\/uploads\/2023\/10\/Danse-Toussaint-2023-724x1024.jpg 724w, http:\/\/eviedanse-pelissanne.fr\/wp-content\/uploads\/2023\/10\/Danse-Toussaint-2023-212x300.jpg 212w, http:\/\/eviedanse-pelissanne.fr\/wp-content\/uploads\/2023\/10\/Danse-Toussaint-2023-768x1086.jpg 768w, http:\/\/eviedanse-pelissanne.fr\/wp-content\/uploads\/2023\/10\/Danse-Toussaint-2023-1086x1536.jpg 1086w, http:\/\/eviedanse-pelissanne.fr\/wp-content\/uploads\/2023\/10\/Danse-Toussaint-2023.jpg 1414w\" sizes=\"(max-width: 724px) 100vw, 724px\" \/><figcaption><br><strong>Pour les enfants 4-8 ans et 8-12 ans<\/strong><br>Anim\u00e9s par C\u00e9line, professeure de danse et Johanna, enseignante. Les ateliers \u00ab\u00a0Danse et R\u00e9-cr\u00e9atif\u00a0\u00bb\u00a0permettent d&rsquo;aborder\u00a0la danse, la\u00a0musique, le th\u00e9\u00e2tre et l&rsquo;art plastique.\u00a0<br>Ces stages seront l\u2019occasion, pour chacun, de d\u00e9velopper sa cr\u00e9ativit\u00e9 en s\u2019essayant \u00e0 des \u00ab disciplines \u00bb artistiques, m\u00ealant les\u00a0arts\u00a0de la sc\u00e8ne (th\u00e9\u00e2tre, danse, mime, etc&#8230;) et\u00a0arts\u00a0visuels (peinture, dessin, etc&#8230;)<br><br>MERCREDI 25 OCTOBRE<br>14h &#8211; Accueil des enfants de 4-8 ans.<br>14h30 \u00e0 16h &#8211; Stage \u00ab\u00a0Danse et R\u00e9-cr\u00e9atif\u00a0\u00bb pour les 4-8 ans.<br>16h \u00e0 17h &#8211; Go\u00fbter\u00a0pour les 4-12 ans\u00a0<a>+<\/a><br><br>16h \u00e0 17h &#8211; Accueil\u00a0 des enfants de 8-12 ans.<br>17h15 \u00e0 18h45 &#8211; Stage \u00ab\u00a0Danse et R\u00e9-cr\u00e9atif\u00a0\u00bb pour les 8-12 ans.<br>Tarifs: 15\u20ac &#8211; sur r\u00e9servation\u00a0avant le mardi 24-10.<br><strong>Inscription et modalit\u00e9s de paiement au:\u00a006 56 80 01 43 ou sur\u00a0<a rel=\"noreferrer noopener\" href=\"mailto:atelierdanse.pelissanne@gmail.com\" target=\"_blank\">atelierdanse.pelissanne@gmail.com<\/a><\/strong><br>Stage maintenu \u00e0 partir de 3 personnes inscrites\u00a0.<br>Un programme et des th\u00e8mes vari\u00e9s et ludiques adapt\u00e9 aux niveau et \u00e0 l&rsquo;\u00e2ge des enfants.<br>Ateliers complets pour d\u00e9velopper\u00a0ses comp\u00e9tences motrices, sociales et cognitives.<br>Espace de jeux libres pour laisser place \u00e0 l&rsquo;improvisation, \u00e0 l&rsquo;imagination et \u00e0 la cr\u00e9ativit\u00e9.<br>Ateliers ludiques\u00a0pour se perfectionner dans : jeux d&rsquo;expression,\u00a0jeux th\u00e9\u00e2traux,\u00a0de\u00a0pr\u00e9sence sc\u00e9nique, d&rsquo;expression corporelle.<br>Activit\u00e9s manuelles et cr\u00e9atives.<br>Les enfants doivent venir avec un ou deux d\u00e9guisements de leur choix.<br>Les go\u00fbters et boissons sont fournis par les parents et pris sur place dans un espace ext\u00e9rieur.\u00a0<br><em>Des ateliers plein de surprises pour am\u00e9liorer la confiance en soi !<\/em><br><br><br><em>Pour les\u00a0 pr\u00e9-ados &#8211; ados &#8211; adultes<br>Anim\u00e9s par C\u00e9line, professeure de danse.\u00a0<strong>L&rsquo;atelier<\/strong>\u00a0Moderne \u00a0\u00bb Jazz Street \u00a0\u00bb\u00a0permet d&rsquo;aborder\u00a0la danse et la\u00a0musique.<br>\u00a0Ce cours\u00a0sera\u00a0l\u2019occasion, pour chacun, de d\u00e9velopper sa cr\u00e9ativit\u00e9 et son expression corporelle.<\/em><br>MERCREDI 25 OCTOBRE<br>18h45 &#8211; Accueil pr\u00e9-ados-ados-adultes.<br>19h \u00e0 20h30 &#8211; Stage de Danse Moderne \u00a0\u00bb Jazz Street \u00ab\u00a0.<br>Tarifs: 15\u20ac &#8211; sur r\u00e9servation avant le mardi 24-10.<br><strong>Inscription et modalit\u00e9s de paiement au:\u00a0\u00a006 56 80 01 43 ou sur\u00a0<a rel=\"noreferrer noopener\" href=\"mailto:atelierdanse.pelissanne@gmail.com\" target=\"_blank\">atelierdanse.pelissanne@gmail.com<\/a><\/strong><br>Stage maintenu \u00e0 partir de 3 personnes inscrites.<br><br>Une danse moderne\u00a0alliant technique, travail chor\u00e9graphique et expression corporelle.\u00a0Cette\u00a0danse est le r\u00e9sultat d\u2019un m\u00e9lange culturel. C&rsquo;est une danse tr\u00e8s m\u00e9tiss\u00e9e qui allie diff\u00e9rentes qualit\u00e9s de mouvements (impacts, impulsions, rebonds, swing&#8230;) et diff\u00e9rents styles de danse (danse jazz, contemporaine, hip-hop\u2026). Parall\u00e8lement \u00e0 l\u2019apprentissage d\u2019une technique et de codes li\u00e9s \u00e0 cette danse, elle met l\u2019accent sur l\u2019 expression personnelle du corps, le feeling. Elle joue donc sur la technique et les rythmes et n\u00e9cessite de la rigueur, de l\u2019\u00e9nergie et de la souplesse.<br><br><\/figcaption><\/figure>\n\n\n\n<figure class=\"wp-block-gallery columns-1 is-cropped\"><ul class=\"blocks-gallery-grid\"><li class=\"blocks-gallery-item\"><figure><img loading=\"lazy\" width=\"724\" height=\"1024\" src=\"http:\/\/eviedanse-pelissanne.fr\/wp-content\/uploads\/2023\/10\/BE-26-10-724x1024.png\" alt=\"\" data-id=\"536\" data-full-url=\"http:\/\/eviedanse-pelissanne.fr\/wp-content\/uploads\/2023\/10\/BE-26-10.png\" data-link=\"http:\/\/eviedanse-pelissanne.fr\/?attachment_id=536\" class=\"wp-image-536\" srcset=\"http:\/\/eviedanse-pelissanne.fr\/wp-content\/uploads\/2023\/10\/BE-26-10-724x1024.png 724w, http:\/\/eviedanse-pelissanne.fr\/wp-content\/uploads\/2023\/10\/BE-26-10-212x300.png 212w, http:\/\/eviedanse-pelissanne.fr\/wp-content\/uploads\/2023\/10\/BE-26-10-768x1086.png 768w, http:\/\/eviedanse-pelissanne.fr\/wp-content\/uploads\/2023\/10\/BE-26-10-1086x1536.png 1086w, http:\/\/eviedanse-pelissanne.fr\/wp-content\/uploads\/2023\/10\/BE-26-10-1448x2048.png 1448w, http:\/\/eviedanse-pelissanne.fr\/wp-content\/uploads\/2023\/10\/BE-26-10.png 1587w\" sizes=\"(max-width: 724px) 100vw, 724px\" \/><\/figure><\/li><\/ul><\/figure>\n\n\n\n<p>Pour les ados &#8211; adultes &#8211; Seniors<br><strong>L&rsquo;atelier \u00ab\u00a0Bulle bien-\u00eatre\u00a0\u00bb.\u00a0<\/strong><br>E<em>nvie de prendre du temps pour vous ? De prendre soin de vous ?\u00a0<\/em><br><strong>Alors joignez l&rsquo;agr\u00e9able \u00e0 l&rsquo;utile ?<\/strong><br>JEUDI 26 OCTOBRE<br>18h45 &#8211; Accueil.<br>19h &#8211; Atelier d&rsquo;auto-massage japonais du visage \u00ab\u00a0kobido\u00a0\u00bb. Anim\u00e9 par Sandrine N\u00e9raudeau :\u00a0<a rel=\"noreferrer noopener\" href=\"https:\/\/www.sandrine-neraudeau.fr\/\" target=\"_blank\">https:\/\/www.sandrine-neraudeau.fr\/<\/a><br>20h &#8211; Atelier relaxation dynamique \u00ab\u00a0Corps et Esprit\u00a0\u00bb. Anim\u00e9 par C\u00e9line Gatt :\u00a0<a rel=\"noreferrer noopener\" href=\"https:\/\/www.atelierdansebienetre.fr\/\" target=\"_blank\">https:\/\/www.atelierdansebienetre.fr\/<\/a><br>21h &#8211; \u00c9changes.<br>Tarifs: 15\u20ac un atelier \/ 26\u20ac deux ateliers &#8211; sur r\u00e9servation avant le mercredi 26-10.<br><strong>Inscription et modalit\u00e9s de paiement au:\u00a0<\/strong><br><strong>06 56 80 01 43 ou sur\u00a0<a rel=\"noreferrer noopener\" href=\"mailto:atelierdanse.pelissanne@gmail.com\" target=\"_blank\">atelierdanse.pelissanne@gmail.com<\/a><\/strong><br>Ateliers maintenus \u00e0 partir de 3 personnes inscrites par ateliers.<br>Apr\u00e8s une journ\u00e9e de travail ou avec les enfants venez donc vous accorder un moment de r\u00e9pit, un moment o\u00f9 toute votre attention sera port\u00e9e sur l&rsquo;instant pr\u00e9sent, l&rsquo;auto-soin, la d\u00e9tente corporelle et mentale.\u00a0<br>Avec un massage du visage les traces de fatigue de votre visage seront estomp\u00e9es, votre peau sera liss\u00e9e, vos tissus revitalis\u00e9s et votre teint sera lumineux.\u00a0<br>Apprenez les bons gestes, l&rsquo;intensit\u00e9 et le rythme des mouvements pour favoriser la r\u00e9g\u00e9n\u00e9ration des cellules et garder ainsi une peau nette et tonique.\u00a0<br>Un puissant effet relaxant\u00a0qui en se diffusant d\u00e9bloque et relance l&rsquo;\u00e9nergie dans votre corps.\u00a0Sachant que le visage et la t\u00eate sont le foyer de plusieurs m\u00e9ridiens \u00e9nerg\u00e9tiques, la stimulation des points sur votre visage et votre t\u00eate d\u00e9clenche une impulsion qui va agir sur l\u2019ensemble de votre corps et contribuer \u00e0 favoriser votre \u00e9quilibre int\u00e9rieur.\u00a0<br>Et pourquoi pas encha\u00eener dans un deuxi\u00e8me temps avec un atelier de remise en forme m\u00ealant relaxation, stretching postural, etc&#8230;\u00a0<br>Un programme complet et diverse pour rendre \u00e0 votre corps sa souplesse et sa s\u00e9r\u00e9nit\u00e9 afin de profiter pleinement de tous les bienfaits de ces 2 propositions. Ces ateliers restauratifs encouragent la d\u00e9tente physique, mentale et \u00e9motionnelle. Quoi de mieux pour lib\u00e9rer vos \u00e9nergies et retrouver un \u00e9quilibre entre le corps et l&rsquo;esprit.\u00a0Pas de distinction d&rsquo;\u00e2ge\u00a0(ados-adultes-seniors) alors si vous souhaitez vous faire du bien tous les jours, inscrivez vous sans tarder !<\/p>\n","protected":false},"excerpt":{"rendered":"<p>Voici les propositions de C\u00e9line pour passer de bonnes vacances de TOUSSAINT, vous n&rsquo;avez pas de vacances ?? Profitez d&rsquo;autant plus des ateliers pour vous d\u00e9tendre apr\u00e8s le travail, on se ressource quand m\u00eame&#8230;On vous attend. Contactez C\u00e9line pour plus d&rsquo;informations&#8230; Pour les ados &#8211; adultes &#8211; SeniorsL&rsquo;atelier \u00ab\u00a0Bulle bien-\u00eatre\u00a0\u00bb.\u00a0Envie de prendre du temps pour [&hellip;]<\/p>\n","protected":false},"author":2,"featured_media":0,"comment_status":"closed","ping_status":"","sticky":false,"template":"","format":"standard","meta":[],"categories":[1],"tags":[],"_links":{"self":[{"href":"http:\/\/eviedanse-pelissanne.fr\/index.php\/wp-json\/wp\/v2\/posts\/534"}],"collection":[{"href":"http:\/\/eviedanse-pelissanne.fr\/index.php\/wp-json\/wp\/v2\/posts"}],"about":[{"href":"http:\/\/eviedanse-pelissanne.fr\/index.php\/wp-json\/wp\/v2\/types\/post"}],"author":[{"embeddable":true,"href":"http:\/\/eviedanse-pelissanne.fr\/index.php\/wp-json\/wp\/v2\/users\/2"}],"replies":[{"embeddable":true,"href":"http:\/\/eviedanse-pelissanne.fr\/index.php\/wp-json\/wp\/v2\/comments?post=534"}],"version-history":[{"count":4,"href":"http:\/\/eviedanse-pelissanne.fr\/index.php\/wp-json\/wp\/v2\/posts\/534\/revisions"}],"predecessor-version":[{"id":540,"href":"http:\/\/eviedanse-pelissanne.fr\/index.php\/wp-json\/wp\/v2\/posts\/534\/revisions\/540"}],"wp:attachment":[{"href":"http:\/\/eviedanse-pelissanne.fr\/index.php\/wp-json\/wp\/v2\/media?parent=534"}],"wp:term":[{"taxonomy":"category","embeddable":true,"href":"http:\/\/eviedanse-pelissanne.fr\/index.php\/wp-json\/wp\/v2\/categories?post=534"},{"taxonomy":"post_tag","embeddable":true,"href":"http:\/\/eviedanse-pelissanne.fr\/index.php\/wp-json\/wp\/v2\/tags?post=534"}],"curies":[{"name":"wp","href":"https:\/\/api.w.org\/{rel}","templated":true}]}}