{"id":541,"date":"2023-11-15T15:10:25","date_gmt":"2023-11-15T14:10:25","guid":{"rendered":"http:\/\/eviedanse-pelissanne.fr\/?p=541"},"modified":"2023-11-15T15:10:25","modified_gmt":"2023-11-15T14:10:25","slug":"atelier-bulle-de-bien-etre","status":"publish","type":"post","link":"http:\/\/eviedanse-pelissanne.fr\/index.php\/2023\/11\/15\/atelier-bulle-de-bien-etre\/","title":{"rendered":"ATELIER BULLE DE BIEN \u00caTRE"},"content":{"rendered":"\n<p>Et comme le premier a \u00e9t\u00e9 appr\u00e9ci\u00e9 et parce que certains n&rsquo;ont pas pu y assister, nous remettons \u00e7a !!!!<\/p>\n\n\n\n<p>Envie d&rsquo;une petite parenth\u00e8se et de prendre soin de vous ? Alors joignez l&rsquo;agr\u00e9able \u00e0 l&rsquo;utile ? Venez donc vous accorder un moment de r\u00e9pit, un moment o\u00f9 toute votre attention sera port\u00e9e sur l&rsquo;instant pr\u00e9sent, l&rsquo;auto-soin, la d\u00e9tente corporelle et mentale<\/p>\n\n\n\n<p>Avec dans un premier temps un atelier pour d\u00e9couvrir une routine beaut\u00e9 d&rsquo;automassage inspir\u00e9e du Kobido, massage japonais du visage.\u00a0Les traces de fatigue de votre visage seront estomp\u00e9es, votre peau sera liss\u00e9e, vos tissus revitalis\u00e9s et votre teint sera lumineux.\u00a0Apprenez les bons gestes, l&rsquo;intensit\u00e9 et le rythme des mouvements pour favoriser la r\u00e9g\u00e9n\u00e9ration des cellules et garder ainsi une peau nette et tonique. C&rsquo;est avec une action quotidienne que vous aurez les r\u00e9sultats les plus durables.\u00a0Un puissant effet relaxant\u00a0qui en se diffusant d\u00e9bloque et relance l&rsquo;\u00e9nergie dans votre corps. Sachant que le visage et la t\u00eate sont le foyer de plusieurs m\u00e9ridiens \u00e9nerg\u00e9tiques, la stimulation des points sur votre visage et votre t\u00eate d\u00e9clenche une impulsion qui va agir sur l\u2019ensemble de votre corps et contribuer \u00e0 favoriser votre \u00e9quilibre int\u00e9rieur<\/p>\n\n\n\n<p>Et pourquoi pas encha\u00eener dans un deuxi\u00e8me temps avec un atelier de remise en forme m\u00ealant relaxation, stretching postural, etc&#8230; Un programme complet et diverse pour rendre \u00e0 votre corps sa souplesse et sa s\u00e9r\u00e9nit\u00e9 afin de profiter pleinement de tous les bienfaits de ces 2 propositions. Ces ateliers restauratifs encouragent la d\u00e9tente physique, mentale et \u00e9motionnelle. Quoi de mieux pour lib\u00e9rer vos \u00e9nergies et retrouver un \u00e9quilibre entre le corps et l&rsquo;esprit.<\/p>\n\n\n\n<p>\ufe0fPas de distinction d&rsquo;\u00e2ge (ados-adultes-seniors) alors si vous souhaitez vous faire du bien tous les jours, inscrivez vous sans tarder !<\/p>\n\n\n\n<p>\u00a0Salle de danse Jackowsky- rue du Berger- 13330 P\u00e9lissanne\u00a0\u00a0r\u00e9servation et modalit\u00e9 de paiement au:\u00a006 56 81 01 43 Ou\u00a0<a rel=\"noreferrer noopener\" href=\"mailto:atelierdanse.pelissanne@gmail.com\" target=\"_blank\">atelierdanse.pelissanne@gmail.com<\/a><\/p>\n\n\n\n<p> <\/p>\n\n\n\n<div class=\"wp-block-columns\">\n<div class=\"wp-block-column\" style=\"flex-basis:100%\">\n<figure class=\"wp-block-gallery columns-1 is-cropped\"><ul class=\"blocks-gallery-grid\"><li class=\"blocks-gallery-item\"><figure><img loading=\"lazy\" width=\"724\" height=\"1024\" src=\"http:\/\/eviedanse-pelissanne.fr\/wp-content\/uploads\/2023\/11\/Bien-etre-NOV-23-724x1024.png\" alt=\"\" data-id=\"543\" data-full-url=\"http:\/\/eviedanse-pelissanne.fr\/wp-content\/uploads\/2023\/11\/Bien-etre-NOV-23.png\" data-link=\"http:\/\/eviedanse-pelissanne.fr\/?attachment_id=543\" class=\"wp-image-543\" srcset=\"http:\/\/eviedanse-pelissanne.fr\/wp-content\/uploads\/2023\/11\/Bien-etre-NOV-23-724x1024.png 724w, http:\/\/eviedanse-pelissanne.fr\/wp-content\/uploads\/2023\/11\/Bien-etre-NOV-23-212x300.png 212w, http:\/\/eviedanse-pelissanne.fr\/wp-content\/uploads\/2023\/11\/Bien-etre-NOV-23-768x1086.png 768w, http:\/\/eviedanse-pelissanne.fr\/wp-content\/uploads\/2023\/11\/Bien-etre-NOV-23-1086x1536.png 1086w, http:\/\/eviedanse-pelissanne.fr\/wp-content\/uploads\/2023\/11\/Bien-etre-NOV-23-1448x2048.png 1448w, http:\/\/eviedanse-pelissanne.fr\/wp-content\/uploads\/2023\/11\/Bien-etre-NOV-23.png 1587w\" sizes=\"(max-width: 724px) 100vw, 724px\" \/><\/figure><\/li><\/ul><\/figure>\n<\/div>\n<\/div>\n","protected":false},"excerpt":{"rendered":"<p>Et comme le premier a \u00e9t\u00e9 appr\u00e9ci\u00e9 et parce que certains n&rsquo;ont pas pu y assister, nous remettons \u00e7a !!!! Envie d&rsquo;une petite parenth\u00e8se et de prendre soin de vous ? Alors joignez l&rsquo;agr\u00e9able \u00e0 l&rsquo;utile ? Venez donc vous accorder un moment de r\u00e9pit, un moment o\u00f9 toute votre attention sera port\u00e9e sur l&rsquo;instant [&hellip;]<\/p>\n","protected":false},"author":2,"featured_media":0,"comment_status":"closed","ping_status":"","sticky":false,"template":"","format":"standard","meta":[],"categories":[1],"tags":[],"_links":{"self":[{"href":"http:\/\/eviedanse-pelissanne.fr\/index.php\/wp-json\/wp\/v2\/posts\/541"}],"collection":[{"href":"http:\/\/eviedanse-pelissanne.fr\/index.php\/wp-json\/wp\/v2\/posts"}],"about":[{"href":"http:\/\/eviedanse-pelissanne.fr\/index.php\/wp-json\/wp\/v2\/types\/post"}],"author":[{"embeddable":true,"href":"http:\/\/eviedanse-pelissanne.fr\/index.php\/wp-json\/wp\/v2\/users\/2"}],"replies":[{"embeddable":true,"href":"http:\/\/eviedanse-pelissanne.fr\/index.php\/wp-json\/wp\/v2\/comments?post=541"}],"version-history":[{"count":3,"href":"http:\/\/eviedanse-pelissanne.fr\/index.php\/wp-json\/wp\/v2\/posts\/541\/revisions"}],"predecessor-version":[{"id":545,"href":"http:\/\/eviedanse-pelissanne.fr\/index.php\/wp-json\/wp\/v2\/posts\/541\/revisions\/545"}],"wp:attachment":[{"href":"http:\/\/eviedanse-pelissanne.fr\/index.php\/wp-json\/wp\/v2\/media?parent=541"}],"wp:term":[{"taxonomy":"category","embeddable":true,"href":"http:\/\/eviedanse-pelissanne.fr\/index.php\/wp-json\/wp\/v2\/categories?post=541"},{"taxonomy":"post_tag","embeddable":true,"href":"http:\/\/eviedanse-pelissanne.fr\/index.php\/wp-json\/wp\/v2\/tags?post=541"}],"curies":[{"name":"wp","href":"https:\/\/api.w.org\/{rel}","templated":true}]}}