{"id":563,"date":"2024-05-20T09:15:51","date_gmt":"2024-05-20T07:15:51","guid":{"rendered":"http:\/\/eviedanse-pelissanne.fr\/?p=563"},"modified":"2024-05-20T09:15:51","modified_gmt":"2024-05-20T07:15:51","slug":"bulle-de-bien-etre-2","status":"publish","type":"post","link":"http:\/\/eviedanse-pelissanne.fr\/index.php\/2024\/05\/20\/bulle-de-bien-etre-2\/","title":{"rendered":"BULLE DE BIEN \u00caTRE"},"content":{"rendered":"\n<p>\u2714\u00a0\u00a0<strong>Samedi\u00a025 mai &#8211; Centre Yoga Studio\u00a0461, Avenue Georges Borel,13300\u00a0Salon de pce.<\/strong><br>\u00a0Qui dit bient\u00f4t l&rsquo;\u00e9t\u00e9 dit petite parenth\u00e8se et prendre soin de vous ? Alors joignez l&rsquo;agr\u00e9able \u00e0 l&rsquo;utile ? Venez donc vous accorder un moment de r\u00e9pit, un moment o\u00f9 toute votre attention sera port\u00e9e sur l&rsquo;instant pr\u00e9sent, l&rsquo;auto-soin, la d\u00e9tente corporelle et mentale.<\/p>\n\n\n\n<p>Avec dans un premier temps un atelier pour d\u00e9couvrir des techniques d&rsquo;auto-massages ayurv\u00e9diques du visage. Apprenez les bons gestes, l&rsquo;intensit\u00e9 et le rythme des mouvements pour favoriser la r\u00e9g\u00e9n\u00e9ration des cellules et garder ainsi une peau nette et tonique. Lisser les rides et ridules, bien hydrater et tonifier votre peau pour booster son collag\u00e8ne. C&rsquo;est avec une action quotidienne que vous aurez les r\u00e9sultats les plus durables. Et quelques conseils ayurv\u00e9diques pour bien pr\u00e9parer le d\u00e9but de ces beaux jours. <a rel=\"noreferrer noopener\" href=\"http:\/\/www.amandineayurveda.com\/?fbclid=IwZXh0bgNhZW0CMTAAAR009dvdXe2APZi1TEBaAoSUOK3IAVZbZr6aVbFhTCgjRPLWoV5pkpfddwE_aem_AcE0madM_pKi_MDHPOTEJ0Bdc_PJ0_6BBf4oBDx3HmoLaCp3cGwPav7gXFb-H5OHCuXsm9GqpgvcXRpKvdTBq_5X\" target=\"_blank\">www.amandineayurveda.com<\/a><\/p>\n\n\n\n<p>Encha\u00eenez dans un deuxi\u00e8me temps avec un atelier m\u00ealant relaxation, stretching postural,&#8230; Un programme complet et divers pour rendre \u00e0 votre corps sa souplesse et sa s\u00e9r\u00e9nit\u00e9 afin de profiter pleinement de tous les bienfaits de ces 2 propositions. Ces ateliers restauratifs encouragent la d\u00e9tente physique, mentale et \u00e9motionnelle. Quoi de mieux pour lib\u00e9rer vos \u00e9nergies et retrouver un \u00e9quilibre entre le corps et l&rsquo;esprit. Pas de distinction d&rsquo;\u00e2ge. <a rel=\"noreferrer noopener\" href=\"https:\/\/www.atelierdansebienetre.fr\/blog\" target=\"_blank\">https:\/\/www.atelierdansebienetre.fr\/blog<\/a><\/p>\n\n\n\n<p><br>Alors n&rsquo;attendez pas, r\u00e9servez vos places !<br>\ud83d\udd3aR\u00e9servation conseill\u00e9e et renseignements au : 06 56 81 01 43\u00a0\ud83d\udd3aAtelier maintenu d\u00e8s 3 participants<br>\ud83d\udd3aPar ch\u00e8que (envoie postale) ou par Paylib (06 56 81 01 43)<br>\ud83d\udd3aTarifs d\u00e9gressifs:<br>23\u20ac tarif\/personne21\u20ac tarif\/pers adh\u00e9rent Eviedanse\u00a020\u20ac tarif\/pers en couple 4\u20ac de remise sur le 2me atelier. Valable sur les ateliers de avril, mai, juin ou\u00a0juillet 2024<a rel=\"noreferrer noopener\" href=\"https:\/\/www.atelierdansebienetre.fr\/post\/bulle-de-bien-%C3%AAtre-5\" target=\"_blank\">https:\/\/www.atelierdansebienetre.fr\/post\/bulle-de-bien-\u00eatre-5<\/a><\/p>\n\n\n\n<figure class=\"wp-block-gallery columns-1 is-cropped\"><ul class=\"blocks-gallery-grid\"><li class=\"blocks-gallery-item\"><figure><img loading=\"lazy\" width=\"724\" height=\"1024\" src=\"http:\/\/eviedanse-pelissanne.fr\/wp-content\/uploads\/2024\/05\/bulle-BE-25-05-jpg-724x1024.jpg\" alt=\"\" data-id=\"564\" data-full-url=\"http:\/\/eviedanse-pelissanne.fr\/wp-content\/uploads\/2024\/05\/bulle-BE-25-05-jpg.jpg\" data-link=\"http:\/\/eviedanse-pelissanne.fr\/?attachment_id=564\" class=\"wp-image-564\" srcset=\"http:\/\/eviedanse-pelissanne.fr\/wp-content\/uploads\/2024\/05\/bulle-BE-25-05-jpg-724x1024.jpg 724w, http:\/\/eviedanse-pelissanne.fr\/wp-content\/uploads\/2024\/05\/bulle-BE-25-05-jpg-212x300.jpg 212w, http:\/\/eviedanse-pelissanne.fr\/wp-content\/uploads\/2024\/05\/bulle-BE-25-05-jpg-768x1086.jpg 768w, http:\/\/eviedanse-pelissanne.fr\/wp-content\/uploads\/2024\/05\/bulle-BE-25-05-jpg-1086x1536.jpg 1086w, http:\/\/eviedanse-pelissanne.fr\/wp-content\/uploads\/2024\/05\/bulle-BE-25-05-jpg.jpg 1414w\" sizes=\"(max-width: 724px) 100vw, 724px\" \/><\/figure><\/li><\/ul><\/figure>\n","protected":false},"excerpt":{"rendered":"<p>\u2714\u00a0\u00a0Samedi\u00a025 mai &#8211; Centre Yoga Studio\u00a0461, Avenue Georges Borel,13300\u00a0Salon de pce.\u00a0Qui dit bient\u00f4t l&rsquo;\u00e9t\u00e9 dit petite parenth\u00e8se et prendre soin de vous ? Alors joignez l&rsquo;agr\u00e9able \u00e0 l&rsquo;utile ? Venez donc vous accorder un moment de r\u00e9pit, un moment o\u00f9 toute votre attention sera port\u00e9e sur l&rsquo;instant pr\u00e9sent, l&rsquo;auto-soin, la d\u00e9tente corporelle et mentale. Avec [&hellip;]<\/p>\n","protected":false},"author":2,"featured_media":0,"comment_status":"closed","ping_status":"","sticky":false,"template":"","format":"standard","meta":[],"categories":[1],"tags":[],"_links":{"self":[{"href":"http:\/\/eviedanse-pelissanne.fr\/index.php\/wp-json\/wp\/v2\/posts\/563"}],"collection":[{"href":"http:\/\/eviedanse-pelissanne.fr\/index.php\/wp-json\/wp\/v2\/posts"}],"about":[{"href":"http:\/\/eviedanse-pelissanne.fr\/index.php\/wp-json\/wp\/v2\/types\/post"}],"author":[{"embeddable":true,"href":"http:\/\/eviedanse-pelissanne.fr\/index.php\/wp-json\/wp\/v2\/users\/2"}],"replies":[{"embeddable":true,"href":"http:\/\/eviedanse-pelissanne.fr\/index.php\/wp-json\/wp\/v2\/comments?post=563"}],"version-history":[{"count":2,"href":"http:\/\/eviedanse-pelissanne.fr\/index.php\/wp-json\/wp\/v2\/posts\/563\/revisions"}],"predecessor-version":[{"id":566,"href":"http:\/\/eviedanse-pelissanne.fr\/index.php\/wp-json\/wp\/v2\/posts\/563\/revisions\/566"}],"wp:attachment":[{"href":"http:\/\/eviedanse-pelissanne.fr\/index.php\/wp-json\/wp\/v2\/media?parent=563"}],"wp:term":[{"taxonomy":"category","embeddable":true,"href":"http:\/\/eviedanse-pelissanne.fr\/index.php\/wp-json\/wp\/v2\/categories?post=563"},{"taxonomy":"post_tag","embeddable":true,"href":"http:\/\/eviedanse-pelissanne.fr\/index.php\/wp-json\/wp\/v2\/tags?post=563"}],"curies":[{"name":"wp","href":"https:\/\/api.w.org\/{rel}","templated":true}]}}