{"id":567,"date":"2024-06-15T17:44:36","date_gmt":"2024-06-15T15:44:36","guid":{"rendered":"http:\/\/eviedanse-pelissanne.fr\/?p=567"},"modified":"2024-06-18T12:48:19","modified_gmt":"2024-06-18T10:48:19","slug":"gala-2024-elles","status":"publish","type":"post","link":"http:\/\/eviedanse-pelissanne.fr\/index.php\/2024\/06\/15\/gala-2024-elles\/","title":{"rendered":"GALA 2024 \u00ab\u00a0ELLES\u00a0\u00bb"},"content":{"rendered":"\n<p>Nous vous attendons nombreux au gala de fin d&rsquo;ann\u00e9e, un moment de partage, un moment pour d\u00e9couvrir le travail d&rsquo;une ann\u00e9e avec nos danseuses<\/p>\n\n\n\n<p>Cette ann\u00e9e le th\u00e8me est plus que jamais d&rsquo;actualit\u00e9 et dans l&rsquo;\u00e8re du temps<\/p>\n\n\n\n<p>C\u00e9line GATT, professeure de danse, pr\u00e9sentera son 23\u00e8me spectacle sur la commune de P\u00e9lissanne samedi 22 juin, salle Malacrida. <\/p>\n\n\n\n<p>Ouverture des portes: 19h15 ( entr\u00e9e 8\u20ac \/gratuit -10 ans). Buvette et petite restauration sur place<\/p>\n\n\n\n<p>Ce spectacle est \u00ab\u00a0une rencontre analytique au f\u00e9minin\u00a0\u00bb pr\u00e9sentant les \u00ab\u00a0Elles\u00a0\u00bb dans tous ses \u00e9tats \u00e0 travers son histoire, ses diff\u00e9rences, ses \u00e9motions et ses ressentis.<\/p>\n\n\n\n<p>Pr\u00e9sent\u00e9 par toutes les danseuses de l&rsquo;association E vie Danse, \u00e0 travers tous les \u00e2ges : des 3 &#8211; 4 ans \u00e0 la section adultes le Gala pr\u00e9sentera des danses de style jazz, moderne, cabaret,&nbsp;contemporaine, danse libre&#8230;<\/p>\n\n\n\n<p>En vue de ce th\u00e8me, C\u00e9line pr\u00e9sentera un magnifique tableau interg\u00e9n\u00e9rationnel entre grand-m\u00e8re, m\u00e8re, s\u0153ur, enfant&#8230;  Tout pour \u00e9mouvoir le public. <\/p>\n\n\n\n<p><em>Ce spectacle est une exploration puissante et \u00e9mouvante des complexit\u00e9s et de la profondeur des \u00e9motions de l&rsquo;individu f\u00e9minin. Les paroles des musiques et l&rsquo;expression des danseuses v\u00e9hiculent un sentiment d&rsquo;intimit\u00e9 plongeant le public dans une \u00e9coute et une compr\u00e9hension des protagonistes. <\/em><\/p>\n\n\n\n<p><em>A&nbsp;travers un langage po\u00e9tique et \u00e9vocateur, la professeure de danse invite \u00e0 r\u00e9fl\u00e9chir \u00e0 l&rsquo;influence profonde et au r\u00f4le qu&rsquo;une autre personne peut avoir dans nos vies. Soulignant la nature \u00e9nigmatique des relations, les liens cr\u00e9\u00e9s, au fur et \u00e0 mesure des ann\u00e9es, sont extraordinaires et \u00e9ternels, que ce soit dans les relations amoureuses, familiales ou amicales. <\/em><\/p>\n\n\n\n<p><em>Les tableaux capturent magnifiquement le myst\u00e8re, la force, la vuln\u00e9rabilit\u00e9 et la nature \u00e9ternelle des liens de la femme \u00e0 travers des narrations po\u00e9tiques : passant tant\u00f4t dans l&rsquo;univers de la petite fille berc\u00e9e par l&rsquo;insouciance, pour voguer en mouvement et harmonieusement vers la femme et le mod\u00e8le maternel.<\/em><\/p>\n\n\n\n<p><em>Mais aussi \u00ab\u00a0Elles\u00a0\u00bb d\u00e9voile la f\u00e9minit\u00e9 comme le sexe tendre, avec toutes ses diff\u00e9rences, avec sa plus grande r\u00e9activit\u00e9 \u00e9motionnelle et cette sensibilit\u00e9 pour les sentiments avec les autres. La chor\u00e9graphe s&rsquo;y prom\u00e8ne, y livre ses propres r\u00e9flexions, argumente et surtout parle de son exp\u00e9rience pour \u00e9tayer son propos. Elle y aborde des questions essentielles, pr\u00e9sentes dans toutes les analyses de femmes: la f\u00e9minit\u00e9, le maternel, l&rsquo;identification, la d\u00e9pendance, l&rsquo;autonomie,&#8230;. y compris l&rsquo;importance de sa personne. Toute son attention se centre sur la mani\u00e8re dont se constitue une femmes et ce \u00e0 travers tous ses al\u00e9as. Dans l&rsquo;ensemble, C\u00e9line, lors de ce spectacle invite les spectateurs \u00e0 un voyage \u00e0 travers les complexit\u00e9s d&rsquo;une connexion profonde et nous encourage \u00e0 r\u00e9fl\u00e9chir au pouvoir transformateur des liens profonds avec \u00ab\u00a0un autre\u00a0\u00bb, nous laissant finalement d\u00e9sireux de\u00a0<\/em>notre \u00ab\u00a0autre\u00a0\u00bb, la personne qui nous comprend vraiment et nous compl\u00e8te.\u00a0<\/p>\n\n\n\n<figure class=\"wp-block-image size-large\"><img loading=\"lazy\" width=\"819\" height=\"1024\" src=\"http:\/\/eviedanse-pelissanne.fr\/wp-content\/uploads\/2024\/06\/Gala-22-06-24-2-1-819x1024.png\" alt=\"\" class=\"wp-image-572\" srcset=\"http:\/\/eviedanse-pelissanne.fr\/wp-content\/uploads\/2024\/06\/Gala-22-06-24-2-1-819x1024.png 819w, http:\/\/eviedanse-pelissanne.fr\/wp-content\/uploads\/2024\/06\/Gala-22-06-24-2-1-240x300.png 240w, http:\/\/eviedanse-pelissanne.fr\/wp-content\/uploads\/2024\/06\/Gala-22-06-24-2-1-768x960.png 768w, http:\/\/eviedanse-pelissanne.fr\/wp-content\/uploads\/2024\/06\/Gala-22-06-24-2-1.png 1080w\" sizes=\"(max-width: 819px) 100vw, 819px\" \/><\/figure>\n","protected":false},"excerpt":{"rendered":"<p>Nous vous attendons nombreux au gala de fin d&rsquo;ann\u00e9e, un moment de partage, un moment pour d\u00e9couvrir le travail d&rsquo;une ann\u00e9e avec nos danseuses Cette ann\u00e9e le th\u00e8me est plus que jamais d&rsquo;actualit\u00e9 et dans l&rsquo;\u00e8re du temps C\u00e9line GATT, professeure de danse, pr\u00e9sentera son 23\u00e8me spectacle sur la commune de P\u00e9lissanne samedi 22 juin, [&hellip;]<\/p>\n","protected":false},"author":2,"featured_media":0,"comment_status":"closed","ping_status":"","sticky":false,"template":"","format":"standard","meta":[],"categories":[1],"tags":[],"_links":{"self":[{"href":"http:\/\/eviedanse-pelissanne.fr\/index.php\/wp-json\/wp\/v2\/posts\/567"}],"collection":[{"href":"http:\/\/eviedanse-pelissanne.fr\/index.php\/wp-json\/wp\/v2\/posts"}],"about":[{"href":"http:\/\/eviedanse-pelissanne.fr\/index.php\/wp-json\/wp\/v2\/types\/post"}],"author":[{"embeddable":true,"href":"http:\/\/eviedanse-pelissanne.fr\/index.php\/wp-json\/wp\/v2\/users\/2"}],"replies":[{"embeddable":true,"href":"http:\/\/eviedanse-pelissanne.fr\/index.php\/wp-json\/wp\/v2\/comments?post=567"}],"version-history":[{"count":4,"href":"http:\/\/eviedanse-pelissanne.fr\/index.php\/wp-json\/wp\/v2\/posts\/567\/revisions"}],"predecessor-version":[{"id":573,"href":"http:\/\/eviedanse-pelissanne.fr\/index.php\/wp-json\/wp\/v2\/posts\/567\/revisions\/573"}],"wp:attachment":[{"href":"http:\/\/eviedanse-pelissanne.fr\/index.php\/wp-json\/wp\/v2\/media?parent=567"}],"wp:term":[{"taxonomy":"category","embeddable":true,"href":"http:\/\/eviedanse-pelissanne.fr\/index.php\/wp-json\/wp\/v2\/categories?post=567"},{"taxonomy":"post_tag","embeddable":true,"href":"http:\/\/eviedanse-pelissanne.fr\/index.php\/wp-json\/wp\/v2\/tags?post=567"}],"curies":[{"name":"wp","href":"https:\/\/api.w.org\/{rel}","templated":true}]}}