{"id":574,"date":"2024-06-19T12:30:37","date_gmt":"2024-06-19T10:30:37","guid":{"rendered":"http:\/\/eviedanse-pelissanne.fr\/?p=574"},"modified":"2024-06-29T15:03:35","modified_gmt":"2024-06-29T13:03:35","slug":"porte-ouverte-decouverte","status":"publish","type":"post","link":"http:\/\/eviedanse-pelissanne.fr\/index.php\/2024\/06\/19\/porte-ouverte-decouverte\/","title":{"rendered":"PORTE OUVERTE\/DECOUVERTE"},"content":{"rendered":"\n<p>Venez d\u00e9couvrir l&rsquo;ensemble de nos activit\u00e9s lors de journ\u00e9es portes ouvertes les 3, 4 et 6 juillet, un avant go\u00fbt pour la rentr\u00e9e<\/p>\n\n\n\n<figure class=\"wp-block-image size-large\"><img loading=\"lazy\" width=\"724\" height=\"1024\" src=\"http:\/\/eviedanse-pelissanne.fr\/wp-content\/uploads\/2024\/06\/portes-ouvertes-07-2024-724x1024.png\" alt=\"\" class=\"wp-image-575\" srcset=\"http:\/\/eviedanse-pelissanne.fr\/wp-content\/uploads\/2024\/06\/portes-ouvertes-07-2024-724x1024.png 724w, http:\/\/eviedanse-pelissanne.fr\/wp-content\/uploads\/2024\/06\/portes-ouvertes-07-2024-212x300.png 212w, http:\/\/eviedanse-pelissanne.fr\/wp-content\/uploads\/2024\/06\/portes-ouvertes-07-2024-768x1086.png 768w, http:\/\/eviedanse-pelissanne.fr\/wp-content\/uploads\/2024\/06\/portes-ouvertes-07-2024-1086x1536.png 1086w, http:\/\/eviedanse-pelissanne.fr\/wp-content\/uploads\/2024\/06\/portes-ouvertes-07-2024-1448x2048.png 1448w, http:\/\/eviedanse-pelissanne.fr\/wp-content\/uploads\/2024\/06\/portes-ouvertes-07-2024.png 1587w\" sizes=\"(max-width: 724px) 100vw, 724px\" \/><\/figure>\n\n\n\n<p>Mercredi 3 juillet:<br>14h45 &#8211; 15h30 : Initiation 7\/10 ans&nbsp;<br>15h45 &#8211; 16h30:&nbsp; Jardin dansant 3\/4 ans&nbsp;&nbsp;<br>16h45 &#8211; 17h30: \u00c9veil danse 5\/6 ans<br>18h &#8211; 19h: Jazz + Moderne 12 &#8211; 15 ans<br>19h15 &#8211; 20h15:&nbsp; Bien-\u00eatre dynamic\/zen<\/p>\n\n\n\n<p>Jeudi 4 juillet:<br>-17h15 &#8211; 18h: 4 &#8211; 8 ans<br>-18h &#8211; 18h45: 8 &#8211; 12 ans<br>-19h &#8211; 20h: Free Dance + Moderne ados\/adultes<br>-20h &#8211; 21h: ados\/adultes Moderne Jazz &amp; Modern&rsquo;Cabaret<\/p>\n\n\n\n<p>Samedi 6 juillet:<br>10h &#8211; 11h: Bien-\u00eatre dynamic\/zen en ext\u00e9rieur ou salle de danse Jackowsky (selon m\u00e9t\u00e9o).<br>Suivit d&rsquo;un ap\u00e9ritif offert.<\/p>\n","protected":false},"excerpt":{"rendered":"<p>Venez d\u00e9couvrir l&rsquo;ensemble de nos activit\u00e9s lors de journ\u00e9es portes ouvertes les 3, 4 et 6 juillet, un avant go\u00fbt pour la rentr\u00e9e Mercredi 3 juillet:14h45 &#8211; 15h30 : Initiation 7\/10 ans&nbsp;15h45 &#8211; 16h30:&nbsp; Jardin dansant 3\/4 ans&nbsp;&nbsp;16h45 &#8211; 17h30: \u00c9veil danse 5\/6 ans18h &#8211; 19h: Jazz + Moderne 12 &#8211; 15 ans19h15 &#8211; 20h15:&nbsp; [&hellip;]<\/p>\n","protected":false},"author":2,"featured_media":0,"comment_status":"closed","ping_status":"","sticky":false,"template":"","format":"standard","meta":[],"categories":[1],"tags":[],"_links":{"self":[{"href":"http:\/\/eviedanse-pelissanne.fr\/index.php\/wp-json\/wp\/v2\/posts\/574"}],"collection":[{"href":"http:\/\/eviedanse-pelissanne.fr\/index.php\/wp-json\/wp\/v2\/posts"}],"about":[{"href":"http:\/\/eviedanse-pelissanne.fr\/index.php\/wp-json\/wp\/v2\/types\/post"}],"author":[{"embeddable":true,"href":"http:\/\/eviedanse-pelissanne.fr\/index.php\/wp-json\/wp\/v2\/users\/2"}],"replies":[{"embeddable":true,"href":"http:\/\/eviedanse-pelissanne.fr\/index.php\/wp-json\/wp\/v2\/comments?post=574"}],"version-history":[{"count":3,"href":"http:\/\/eviedanse-pelissanne.fr\/index.php\/wp-json\/wp\/v2\/posts\/574\/revisions"}],"predecessor-version":[{"id":580,"href":"http:\/\/eviedanse-pelissanne.fr\/index.php\/wp-json\/wp\/v2\/posts\/574\/revisions\/580"}],"wp:attachment":[{"href":"http:\/\/eviedanse-pelissanne.fr\/index.php\/wp-json\/wp\/v2\/media?parent=574"}],"wp:term":[{"taxonomy":"category","embeddable":true,"href":"http:\/\/eviedanse-pelissanne.fr\/index.php\/wp-json\/wp\/v2\/categories?post=574"},{"taxonomy":"post_tag","embeddable":true,"href":"http:\/\/eviedanse-pelissanne.fr\/index.php\/wp-json\/wp\/v2\/tags?post=574"}],"curies":[{"name":"wp","href":"https:\/\/api.w.org\/{rel}","templated":true}]}}