{"id":581,"date":"2024-06-29T15:26:47","date_gmt":"2024-06-29T13:26:47","guid":{"rendered":"http:\/\/eviedanse-pelissanne.fr\/?p=581"},"modified":"2024-06-29T15:26:47","modified_gmt":"2024-06-29T13:26:47","slug":"exposition-nousvousjeux","status":"publish","type":"post","link":"http:\/\/eviedanse-pelissanne.fr\/index.php\/2024\/06\/29\/exposition-nousvousjeux\/","title":{"rendered":"EXPOSITION \u00ab\u00a0NOUS,VOUS,JEUX\u00a0\u00bb"},"content":{"rendered":"\n<p>Notre association a \u00e9t\u00e9 sollicit\u00e9e par la mairie pour participer \u00e0 l&rsquo;exposition de photos des visages qui repr\u00e9sentent les associations qui font \u00ab\u00a0bouger\u00a0\u00bb les p\u00e9lissannais, la photo de C\u00e9line, notre professeure est expos\u00e9e sur la m\u00e9diath\u00e8que \ud83d\ude09<\/p>\n\n\n\n<p>Deux de ses \u00e9l\u00e8ves sont repr\u00e9sent\u00e9es<\/p>\n\n\n\n<figure class=\"wp-block-gallery columns-3 is-cropped\"><ul class=\"blocks-gallery-grid\"><li class=\"blocks-gallery-item\"><figure><img loading=\"lazy\" width=\"658\" height=\"934\" src=\"http:\/\/eviedanse-pelissanne.fr\/wp-content\/uploads\/2024\/06\/Affiche-expo.jpg\" alt=\"\" data-id=\"582\" data-link=\"http:\/\/eviedanse-pelissanne.fr\/?attachment_id=582\" class=\"wp-image-582\" srcset=\"http:\/\/eviedanse-pelissanne.fr\/wp-content\/uploads\/2024\/06\/Affiche-expo.jpg 658w, http:\/\/eviedanse-pelissanne.fr\/wp-content\/uploads\/2024\/06\/Affiche-expo-211x300.jpg 211w\" sizes=\"(max-width: 658px) 100vw, 658px\" \/><\/figure><\/li><li class=\"blocks-gallery-item\"><figure><img loading=\"lazy\" width=\"695\" height=\"1024\" src=\"http:\/\/eviedanse-pelissanne.fr\/wp-content\/uploads\/2024\/06\/Photo-de-rue-Margeau-2-695x1024.jpg\" alt=\"\" data-id=\"586\" data-link=\"http:\/\/eviedanse-pelissanne.fr\/?attachment_id=586\" class=\"wp-image-586\" srcset=\"http:\/\/eviedanse-pelissanne.fr\/wp-content\/uploads\/2024\/06\/Photo-de-rue-Margeau-2-695x1024.jpg 695w, http:\/\/eviedanse-pelissanne.fr\/wp-content\/uploads\/2024\/06\/Photo-de-rue-Margeau-2-204x300.jpg 204w, http:\/\/eviedanse-pelissanne.fr\/wp-content\/uploads\/2024\/06\/Photo-de-rue-Margeau-2-768x1132.jpg 768w, http:\/\/eviedanse-pelissanne.fr\/wp-content\/uploads\/2024\/06\/Photo-de-rue-Margeau-2-1042x1536.jpg 1042w, http:\/\/eviedanse-pelissanne.fr\/wp-content\/uploads\/2024\/06\/Photo-de-rue-Margeau-2-1390x2048.jpg 1390w, http:\/\/eviedanse-pelissanne.fr\/wp-content\/uploads\/2024\/06\/Photo-de-rue-Margeau-2-scaled.jpg 1737w\" sizes=\"(max-width: 695px) 100vw, 695px\" \/><\/figure><\/li><li class=\"blocks-gallery-item\"><figure><img loading=\"lazy\" width=\"755\" height=\"1024\" src=\"http:\/\/eviedanse-pelissanne.fr\/wp-content\/uploads\/2024\/06\/Photo-de-rue-Emma2-1-755x1024.jpg\" alt=\"\" data-id=\"590\" data-link=\"http:\/\/eviedanse-pelissanne.fr\/?attachment_id=590\" class=\"wp-image-590\" srcset=\"http:\/\/eviedanse-pelissanne.fr\/wp-content\/uploads\/2024\/06\/Photo-de-rue-Emma2-1-755x1024.jpg 755w, http:\/\/eviedanse-pelissanne.fr\/wp-content\/uploads\/2024\/06\/Photo-de-rue-Emma2-1-221x300.jpg 221w, http:\/\/eviedanse-pelissanne.fr\/wp-content\/uploads\/2024\/06\/Photo-de-rue-Emma2-1-768x1042.jpg 768w, http:\/\/eviedanse-pelissanne.fr\/wp-content\/uploads\/2024\/06\/Photo-de-rue-Emma2-1.jpg 1101w\" sizes=\"(max-width: 755px) 100vw, 755px\" \/><\/figure><\/li><li class=\"blocks-gallery-item\"><figure><img loading=\"lazy\" width=\"771\" height=\"1024\" src=\"http:\/\/eviedanse-pelissanne.fr\/wp-content\/uploads\/2024\/06\/Photo-de-rue-Celine-1-771x1024.jpg\" alt=\"\" data-id=\"591\" data-full-url=\"http:\/\/eviedanse-pelissanne.fr\/wp-content\/uploads\/2024\/06\/Photo-de-rue-Celine-1.jpg\" data-link=\"http:\/\/eviedanse-pelissanne.fr\/?attachment_id=591\" class=\"wp-image-591\" srcset=\"http:\/\/eviedanse-pelissanne.fr\/wp-content\/uploads\/2024\/06\/Photo-de-rue-Celine-1-771x1024.jpg 771w, http:\/\/eviedanse-pelissanne.fr\/wp-content\/uploads\/2024\/06\/Photo-de-rue-Celine-1-226x300.jpg 226w, http:\/\/eviedanse-pelissanne.fr\/wp-content\/uploads\/2024\/06\/Photo-de-rue-Celine-1-768x1021.jpg 768w, http:\/\/eviedanse-pelissanne.fr\/wp-content\/uploads\/2024\/06\/Photo-de-rue-Celine-1-1156x1536.jpg 1156w, http:\/\/eviedanse-pelissanne.fr\/wp-content\/uploads\/2024\/06\/Photo-de-rue-Celine-1.jpg 1204w\" sizes=\"(max-width: 771px) 100vw, 771px\" \/><\/figure><\/li><\/ul><\/figure>\n","protected":false},"excerpt":{"rendered":"<p>Notre association a \u00e9t\u00e9 sollicit\u00e9e par la mairie pour participer \u00e0 l&rsquo;exposition de photos des visages qui repr\u00e9sentent les associations qui font \u00ab\u00a0bouger\u00a0\u00bb les p\u00e9lissannais, la photo de C\u00e9line, notre professeure est expos\u00e9e sur la m\u00e9diath\u00e8que \ud83d\ude09 Deux de ses \u00e9l\u00e8ves sont repr\u00e9sent\u00e9es<\/p>\n","protected":false},"author":2,"featured_media":0,"comment_status":"closed","ping_status":"","sticky":false,"template":"","format":"standard","meta":[],"categories":[1],"tags":[],"_links":{"self":[{"href":"http:\/\/eviedanse-pelissanne.fr\/index.php\/wp-json\/wp\/v2\/posts\/581"}],"collection":[{"href":"http:\/\/eviedanse-pelissanne.fr\/index.php\/wp-json\/wp\/v2\/posts"}],"about":[{"href":"http:\/\/eviedanse-pelissanne.fr\/index.php\/wp-json\/wp\/v2\/types\/post"}],"author":[{"embeddable":true,"href":"http:\/\/eviedanse-pelissanne.fr\/index.php\/wp-json\/wp\/v2\/users\/2"}],"replies":[{"embeddable":true,"href":"http:\/\/eviedanse-pelissanne.fr\/index.php\/wp-json\/wp\/v2\/comments?post=581"}],"version-history":[{"count":3,"href":"http:\/\/eviedanse-pelissanne.fr\/index.php\/wp-json\/wp\/v2\/posts\/581\/revisions"}],"predecessor-version":[{"id":593,"href":"http:\/\/eviedanse-pelissanne.fr\/index.php\/wp-json\/wp\/v2\/posts\/581\/revisions\/593"}],"wp:attachment":[{"href":"http:\/\/eviedanse-pelissanne.fr\/index.php\/wp-json\/wp\/v2\/media?parent=581"}],"wp:term":[{"taxonomy":"category","embeddable":true,"href":"http:\/\/eviedanse-pelissanne.fr\/index.php\/wp-json\/wp\/v2\/categories?post=581"},{"taxonomy":"post_tag","embeddable":true,"href":"http:\/\/eviedanse-pelissanne.fr\/index.php\/wp-json\/wp\/v2\/tags?post=581"}],"curies":[{"name":"wp","href":"https:\/\/api.w.org\/{rel}","templated":true}]}}