{"id":624,"date":"2024-08-11T15:34:10","date_gmt":"2024-08-11T13:34:10","guid":{"rendered":"http:\/\/eviedanse-pelissanne.fr\/?p=624"},"modified":"2024-08-11T16:41:56","modified_gmt":"2024-08-11T14:41:56","slug":"forum-des-associations-2","status":"publish","type":"post","link":"http:\/\/eviedanse-pelissanne.fr\/index.php\/2024\/08\/11\/forum-des-associations-2\/","title":{"rendered":"FORUM DES ASSOCIATIONS"},"content":{"rendered":"\n<p><\/p>\n\n\n\n<p>Nous serons pr\u00e9sents au Forum pour vous pr\u00e9senter nos activit\u00e9s et nos nouveaut\u00e9s le samedi 31 ao\u00fbt au Parc Saint Martin, venez \u00e0 notre rencontre pour \u00e9changer !!!<\/p>\n\n\n\n<p>En attendant la rentr\u00e9e le 11 septembre, un petit avant go\u00fbt \ud83d\ude09<\/p>\n\n\n\n<div class=\"wp-block-file\"><object class=\"wp-block-file__embed\" data=\"http:\/\/eviedanse-pelissanne.fr\/wp-content\/uploads\/2024\/08\/Flyers-Danse-2024.pdf\" type=\"application\/pdf\" style=\"width:100%;height:1220px\" aria-label=\"PDF embarqu\u00e9\"><\/object><\/div>\n\n\n\n<div class=\"wp-block-file\"><object class=\"wp-block-file__embed\" data=\"http:\/\/eviedanse-pelissanne.fr\/wp-content\/uploads\/2024\/08\/Flyers-BE-2024-1.pdf\" type=\"application\/pdf\" style=\"width:100%;height:1080px\" aria-label=\"Contenu embarqu\u00e9 Flyers-BE-2024-1.\"><\/object><a href=\"http:\/\/eviedanse-pelissanne.fr\/wp-content\/uploads\/2024\/08\/Flyers-BE-2024-1.pdf\">Flyers-BE-2024-1<\/a><a href=\"http:\/\/eviedanse-pelissanne.fr\/wp-content\/uploads\/2024\/08\/Flyers-BE-2024-1.pdf\" class=\"wp-block-file__button\" download>T\u00e9l\u00e9charger<\/a><\/div>\n\n\n\n<div class=\"wp-block-file\"><object class=\"wp-block-file__embed\" data=\"http:\/\/eviedanse-pelissanne.fr\/wp-content\/uploads\/2024\/08\/Flyers-News-2024.pdf\" type=\"application\/pdf\" style=\"width:100%;height:1050px\" aria-label=\"Contenu embarqu\u00e9 Flyers-News-2024.\"><\/object><a href=\"http:\/\/eviedanse-pelissanne.fr\/wp-content\/uploads\/2024\/08\/Flyers-News-2024.pdf\">Flyers-News-2024<\/a><a href=\"http:\/\/eviedanse-pelissanne.fr\/wp-content\/uploads\/2024\/08\/Flyers-News-2024.pdf\" class=\"wp-block-file__button\" download>T\u00e9l\u00e9charger<\/a><\/div>\n","protected":false},"excerpt":{"rendered":"<p>Nous serons pr\u00e9sents au Forum pour vous pr\u00e9senter nos activit\u00e9s et nos nouveaut\u00e9s le samedi 31 ao\u00fbt au Parc Saint Martin, venez \u00e0 notre rencontre pour \u00e9changer !!! En attendant la rentr\u00e9e le 11 septembre, un petit avant go\u00fbt \ud83d\ude09<\/p>\n","protected":false},"author":2,"featured_media":0,"comment_status":"closed","ping_status":"","sticky":false,"template":"","format":"standard","meta":[],"categories":[1],"tags":[],"_links":{"self":[{"href":"http:\/\/eviedanse-pelissanne.fr\/index.php\/wp-json\/wp\/v2\/posts\/624"}],"collection":[{"href":"http:\/\/eviedanse-pelissanne.fr\/index.php\/wp-json\/wp\/v2\/posts"}],"about":[{"href":"http:\/\/eviedanse-pelissanne.fr\/index.php\/wp-json\/wp\/v2\/types\/post"}],"author":[{"embeddable":true,"href":"http:\/\/eviedanse-pelissanne.fr\/index.php\/wp-json\/wp\/v2\/users\/2"}],"replies":[{"embeddable":true,"href":"http:\/\/eviedanse-pelissanne.fr\/index.php\/wp-json\/wp\/v2\/comments?post=624"}],"version-history":[{"count":3,"href":"http:\/\/eviedanse-pelissanne.fr\/index.php\/wp-json\/wp\/v2\/posts\/624\/revisions"}],"predecessor-version":[{"id":633,"href":"http:\/\/eviedanse-pelissanne.fr\/index.php\/wp-json\/wp\/v2\/posts\/624\/revisions\/633"}],"wp:attachment":[{"href":"http:\/\/eviedanse-pelissanne.fr\/index.php\/wp-json\/wp\/v2\/media?parent=624"}],"wp:term":[{"taxonomy":"category","embeddable":true,"href":"http:\/\/eviedanse-pelissanne.fr\/index.php\/wp-json\/wp\/v2\/categories?post=624"},{"taxonomy":"post_tag","embeddable":true,"href":"http:\/\/eviedanse-pelissanne.fr\/index.php\/wp-json\/wp\/v2\/tags?post=624"}],"curies":[{"name":"wp","href":"https:\/\/api.w.org\/{rel}","templated":true}]}}