{"id":657,"date":"2025-01-15T09:04:19","date_gmt":"2025-01-15T08:04:19","guid":{"rendered":"http:\/\/eviedanse-pelissanne.fr\/?p=657"},"modified":"2025-01-15T09:04:19","modified_gmt":"2025-01-15T08:04:19","slug":"atelier-bien-etre","status":"publish","type":"post","link":"http:\/\/eviedanse-pelissanne.fr\/index.php\/2025\/01\/15\/atelier-bien-etre\/","title":{"rendered":"ATELIER BIEN \u00caTRE"},"content":{"rendered":"\n<p>Une nouvelle ann\u00e9e se commence avec un atelier bien \u00eatre !!!<\/p>\n\n\n\n<p>Nous vous souhaitons nos meilleurs v\u0153ux pour cette nouvelle ann\u00e9e et quoi de mieux que de se faire du bien pour la commencer sous les meilleurs augures !<\/p>\n\n\n\n<p>\u00a0Mardi 28-012025 19h30-21h00\u00a0\u00a0<\/p>\n\n\n\n<p>\u00a0Energie d\u2019hiver quand tu nous tiens !\u00a0C\u2019est parce qu\u2019il plonge profond\u00e9ment ses racines dans la terre que l\u2019arbre peut d\u00e9ployer ses branches et atteindre le ciel. Il en est de m\u00eame pour nous. M\u00eame si nous n\u2019avons pas de racines \u00e0 proprement parler, nos pieds, nos jambes et notre plancher pelvien sont en relation \u00e9nerg\u00e9tique avec la terre.\u00a0Dans la vie, il est important d\u2019\u00eatre ancr\u00e9 et \u00e9quilibr\u00e9.\u00a0L\u2019\u00e9quilibre exige de la force int\u00e9rieure et une certaine s\u00e9r\u00e9nit\u00e9.\u00a0Une posture \u00e9quilibr\u00e9e est un \u00e9l\u00e9ment crucial de notre bien-\u00eatre en g\u00e9n\u00e9ral et a donc un effet b\u00e9n\u00e9fique sur la sant\u00e9 mais aussi sur le mental et l\u2019\u00e9motionnel. St\u00e9phanie et C\u00e9line, sont ravies de vous faire profiter de ces ateliers et de leurs bienfaits pour d\u00e9marrer l&rsquo;ann\u00e9e en douceur.<br><em>Qui est St\u00e9phanie\u00a0? St\u00e9phanie a d\u00e9couvert l&rsquo;\u00e9nerg\u00e9tique et les th\u00e9rapies parall\u00e8les il y a quelques ann\u00e9es maintenant. Form\u00e9e en shiatsu animalier sp\u00e9cialiste \u00e9quin et en shiatsu de d\u00e9tente pour l&rsquo;humain. Et a d\u00e9couvert le yoga il y a presque 5 ans et comme le shiatsu, \u00e7a a \u00e9t\u00e9 une r\u00e9v\u00e9lation. Elle a\u00a0commenc\u00e9 une formation pour \u00eatre professeure de Yoga. Egalement certifi\u00e9e en\u00a0sonoth\u00e9rapie. Son but est d&rsquo;amener l&rsquo;individu en question sur la voie du bien \u00eatre et du bonheur que ce soit par les soins \u00e9nerg\u00e9tiques ou la pratique du yoga.<\/em><\/p>\n\n\n\n<p><br>1er atelier:\u00a0\u00a0ANCRAGE \u00e0 la Terre et\u00a0connexion des \u00e9nergies Terre\/Ciel pour \u00e9quilibrer ces 2 p\u00f4les \u00e9nerg\u00e9tiques, par des exercices de visualisation et de respiration \u00a0\u00bb le souffle de la Terre\u00a0\u00bb.Dans le contexte de la modernit\u00e9 avanc\u00e9e et des changements constants qui nous affectent au quotidien, l&rsquo;ancrage nous permet d&rsquo;imager le principe de fixation profonde, mais introduit aussi le principe du mouvement.\u00a0Le mouvement est une caract\u00e9ristique de l\u2019esprit, du souffle.\u00a0L\u2019ancrage est un signe de sant\u00e9 spirituelle, de dynamisme. Lorsque la personne est en contact permanent avec elle-m\u00eame, proche de son c\u0153ur et de ses sentiments, elle se trouve apte \u00e0 jeter son ancre, comme elle peut la lever l\u00e0 o\u00f9 il lui semble\u00a0bon. Ce qui\u00a0implique une capacit\u00e9 d\u2019adaptation et d\u2019int\u00e9gration. Elle\u00a0appelle \u00e0 l\u2019intelligence de l\u2019esprit afin de discerner ce qui est bon pour soi et pour les autres, dans l\u2019ici et le maintenant.\u00a0L\u2019ancrage permet de tenir ensemble deux \u00e9l\u00e9ments essentiels de la spiritualit\u00e9\u00a0: la solidit\u00e9 du roc (qui permet de tenir bon dans l\u2019\u00e9preuve) et la l\u00e9g\u00e8ret\u00e9 du souffle (qui permet d\u2019avancer et d\u2019aller plus loin).\u00a0<br>Elle est o\u00f9 notre ancre?\u00a0\u00ab\u00a0Nous avons notre ancre en nous-m\u00eames\u00a0\u00bb (Victor\u00a0Hugo,\u00a0Philosophie prose).<br><\/p>\n\n\n\n<p>2\u00e8me atelier:\u00a0ALIGNEMENT\u00a0&amp; \u00c9QUILIBRE de mani\u00e8re g\u00e9n\u00e9rale, le\u00a0corps en mouvement\u00a0permet de mieux s\u2019ancrer mais les encha\u00eenements propos\u00e9s seront id\u00e9aux dans la mesure o\u00f9 nombre de\u00a0postures\u00a0nous obligent \u00e0 nous recentrer et \u00e0 faire redescendre le \u00ab\u00a0milieu\u00a0\u00bb du corps \u00e9nerg\u00e9tique au niveau du nombril. Dans\u00a0chaque posture nous chercherons l\u2019ancrage, c\u2019est de lui qu\u2019on tirera tous les b\u00e9n\u00e9fices des postures. Pr\u00eatez attention aux parties de notre corps\u00a0en contact avec le sol pour\u00a0transf\u00e9rer le poids du corps dans le sol.\u00a0C\u2019est ainsi qu\u2019on pourra trouver son\u00a0alignement interne,\u00a0un alignement du corps physique, de la respiration et du mental. Plus nos bases\u00a0sont solides, plus nous sommes en mesure de d\u00e9velopper cet\u00a0espace interne\u00a0et d\u2019am\u00e9liorer le passage de l\u2019\u00e9nergie \u00e0 travers tout le corps.\u00a0La respiration, quant \u00e0 elle, est essentielle et peut nous aider \u00e0 \u00e9quilibrer l&rsquo;\u00e9nergie entre les c\u00f4t\u00e9s gauche et droit du corps, et donc entre les chakras de la t\u00eate au pied. Le chakras racine est le chakra de base, le premier des 7 chakras principaux. C&rsquo;est celui qui nous stabilise. C&rsquo;est pourquoi le chakra racine est celui qui permet notre ancrage tout en assurant de garder les pieds sur terre.<br><\/p>\n\n\n\n<p>3\u00e8me atelier: RELAXATION Relaxation profonde guid\u00e9e au bol tibetain.\u00a0Installer confortablement dans la posture de relaxation Savasana,\u00a0toutes les parties du corps se d\u00e9tendent, en partant des pieds pour remonter jusqu\u2019au visage,\u00a0guid\u00e9e par la voix\u00a0avec le bol tib\u00e9tain en accompagnement. Outil indispensable pour am\u00e9liorer le bien-\u00eatre \u00e9motionnel, afin de r\u00e9duire les sentiments de tensions, d&rsquo;anxi\u00e9t\u00e9, de fatigue&#8230; Les ondes \u00e9mises, \u00e0 des fr\u00e9quences sp\u00e9cifiques, favorisent un apaisement g\u00e9n\u00e9ral du corps et de l&rsquo;esprit.<br><\/p>\n\n\n\n<p>Alors venez profiter pleinement de ces trois ateliers en ce d\u00e9but d&rsquo;ann\u00e9e !<a rel=\"noreferrer noopener\" href=\"https:\/\/www.atelierdansebienetre.fr\/post\/ancrage-meditation-sonore\" target=\"_blank\">https:\/\/www.atelierdansebienetre.fr\/post\/ancrage-meditation-sonore<br><br>Espace Colibri &#8211;\u00a013 ZA du Bas Taulet, route de Lambesc &#8211; 13330 P\u00e9lissanneAtelier maintenu d\u00e8s 4 participantsR\u00e9servation conseill\u00e9e et renseignements au : 06 56 81 01 43\u00a0Par Paylib ( au 06 56 81 01 43) ou sur placeTarifs &#8211; Forfaits :18\u20ac tarif\/pers : non adh\u00e9rent15\u20ac tarif\/pers : adh- E vie Danse\/Atelier Danse et bien-\u00eatre15\u20ac tarif\/pers : demandeur d&#8217;emploi &#8211; S\u00e9nior retrait\u00e9 (sous pr\u00e9sentation d&rsquo;un justificatif)30\u20ac tarif : couple ou famille (m\u00eame foyer)<\/a><\/p>\n\n\n\n<figure class=\"wp-block-gallery columns-1 is-cropped\"><ul class=\"blocks-gallery-grid\"><li class=\"blocks-gallery-item\"><figure><img loading=\"lazy\" width=\"724\" height=\"1024\" src=\"http:\/\/eviedanse-pelissanne.fr\/wp-content\/uploads\/2025\/01\/BE-28-01-A4-724x1024.jpg\" alt=\"\" data-id=\"659\" data-full-url=\"http:\/\/eviedanse-pelissanne.fr\/wp-content\/uploads\/2025\/01\/BE-28-01-A4.jpg\" data-link=\"http:\/\/eviedanse-pelissanne.fr\/?attachment_id=659\" class=\"wp-image-659\" srcset=\"http:\/\/eviedanse-pelissanne.fr\/wp-content\/uploads\/2025\/01\/BE-28-01-A4-724x1024.jpg 724w, http:\/\/eviedanse-pelissanne.fr\/wp-content\/uploads\/2025\/01\/BE-28-01-A4-212x300.jpg 212w, http:\/\/eviedanse-pelissanne.fr\/wp-content\/uploads\/2025\/01\/BE-28-01-A4-768x1086.jpg 768w, http:\/\/eviedanse-pelissanne.fr\/wp-content\/uploads\/2025\/01\/BE-28-01-A4-1086x1536.jpg 1086w, http:\/\/eviedanse-pelissanne.fr\/wp-content\/uploads\/2025\/01\/BE-28-01-A4.jpg 1414w\" sizes=\"(max-width: 724px) 100vw, 724px\" \/><\/figure><\/li><\/ul><\/figure>\n","protected":false},"excerpt":{"rendered":"<p>Une nouvelle ann\u00e9e se commence avec un atelier bien \u00eatre !!! Nous vous souhaitons nos meilleurs v\u0153ux pour cette nouvelle ann\u00e9e et quoi de mieux que de se faire du bien pour la commencer sous les meilleurs augures ! \u00a0Mardi 28-012025 19h30-21h00\u00a0\u00a0 \u00a0Energie d\u2019hiver quand tu nous tiens !\u00a0C\u2019est parce qu\u2019il plonge profond\u00e9ment ses racines [&hellip;]<\/p>\n","protected":false},"author":2,"featured_media":0,"comment_status":"closed","ping_status":"","sticky":false,"template":"","format":"standard","meta":[],"categories":[1],"tags":[],"_links":{"self":[{"href":"http:\/\/eviedanse-pelissanne.fr\/index.php\/wp-json\/wp\/v2\/posts\/657"}],"collection":[{"href":"http:\/\/eviedanse-pelissanne.fr\/index.php\/wp-json\/wp\/v2\/posts"}],"about":[{"href":"http:\/\/eviedanse-pelissanne.fr\/index.php\/wp-json\/wp\/v2\/types\/post"}],"author":[{"embeddable":true,"href":"http:\/\/eviedanse-pelissanne.fr\/index.php\/wp-json\/wp\/v2\/users\/2"}],"replies":[{"embeddable":true,"href":"http:\/\/eviedanse-pelissanne.fr\/index.php\/wp-json\/wp\/v2\/comments?post=657"}],"version-history":[{"count":2,"href":"http:\/\/eviedanse-pelissanne.fr\/index.php\/wp-json\/wp\/v2\/posts\/657\/revisions"}],"predecessor-version":[{"id":660,"href":"http:\/\/eviedanse-pelissanne.fr\/index.php\/wp-json\/wp\/v2\/posts\/657\/revisions\/660"}],"wp:attachment":[{"href":"http:\/\/eviedanse-pelissanne.fr\/index.php\/wp-json\/wp\/v2\/media?parent=657"}],"wp:term":[{"taxonomy":"category","embeddable":true,"href":"http:\/\/eviedanse-pelissanne.fr\/index.php\/wp-json\/wp\/v2\/categories?post=657"},{"taxonomy":"post_tag","embeddable":true,"href":"http:\/\/eviedanse-pelissanne.fr\/index.php\/wp-json\/wp\/v2\/tags?post=657"}],"curies":[{"name":"wp","href":"https:\/\/api.w.org\/{rel}","templated":true}]}}