{"id":682,"date":"2025-06-12T21:41:55","date_gmt":"2025-06-12T19:41:55","guid":{"rendered":"http:\/\/eviedanse-pelissanne.fr\/?p=682"},"modified":"2025-06-19T19:29:11","modified_gmt":"2025-06-19T17:29:11","slug":"portes-ouvertes-juin","status":"publish","type":"post","link":"http:\/\/eviedanse-pelissanne.fr\/index.php\/2025\/06\/12\/portes-ouvertes-juin\/","title":{"rendered":"PORTES OUVERTES JUIN"},"content":{"rendered":"\n<figure class=\"wp-block-gallery columns-1 is-cropped\"><ul class=\"blocks-gallery-grid\"><li class=\"blocks-gallery-item\"><figure><img loading=\"lazy\" width=\"724\" height=\"1024\" src=\"http:\/\/eviedanse-pelissanne.fr\/wp-content\/uploads\/2025\/06\/portes-ouvertes-juin-pelissanne-724x1024.png\" alt=\"\" data-id=\"683\" data-full-url=\"http:\/\/eviedanse-pelissanne.fr\/wp-content\/uploads\/2025\/06\/portes-ouvertes-juin-pelissanne.png\" data-link=\"http:\/\/eviedanse-pelissanne.fr\/?attachment_id=683\" class=\"wp-image-683\" srcset=\"http:\/\/eviedanse-pelissanne.fr\/wp-content\/uploads\/2025\/06\/portes-ouvertes-juin-pelissanne-724x1024.png 724w, http:\/\/eviedanse-pelissanne.fr\/wp-content\/uploads\/2025\/06\/portes-ouvertes-juin-pelissanne-212x300.png 212w, http:\/\/eviedanse-pelissanne.fr\/wp-content\/uploads\/2025\/06\/portes-ouvertes-juin-pelissanne-768x1086.png 768w, http:\/\/eviedanse-pelissanne.fr\/wp-content\/uploads\/2025\/06\/portes-ouvertes-juin-pelissanne-1086x1536.png 1086w, http:\/\/eviedanse-pelissanne.fr\/wp-content\/uploads\/2025\/06\/portes-ouvertes-juin-pelissanne.png 1414w\" sizes=\"(max-width: 724px) 100vw, 724px\" \/><\/figure><\/li><\/ul><\/figure>\n\n\n\n<p>PORTES OUVERTES&nbsp;Du mercredi 18 au jeudi 26 juin<\/p>\n\n\n\n<p>Complexe G-L Jackowsky<br>Cours ouverts&nbsp;aux non adh\u00e9rents et adh\u00e9rents&nbsp;(essais gratuits).<\/p>\n\n\n\n<p>Venez d\u00e9couvrir toutes nos s\u00e9ances.&nbsp;<\/p>\n\n\n\n<p><strong>Cours de danse<\/strong><\/p>\n\n\n\n<p>Mercredi&nbsp;:<\/p>\n\n\n\n<p>14h30 &#8211; 15h15 : danse 7-9 ans<\/p>\n\n\n\n<p>15h30 &#8211; 16h15 :&nbsp; danse 5-6 ans<\/p>\n\n\n\n<p>16h15 &#8211; 17h00 : danse 2-4 ans<\/p>\n\n\n\n<p>17h15 &#8211; 18h15 : Jazz&rsquo; Lyric&nbsp;+ Moderne\/Contemporain&nbsp; 10-12 ans *<\/p>\n\n\n\n<p><br>Jeudi :<\/p>\n\n\n\n<p> 18h45 &#8211; 19h45 : Jazz&rsquo; Lyric&nbsp;+ Moderne\/Contemporain&nbsp; Ados\/Adultes *<\/p>\n\n\n\n<p>19h45 &#8211; 20h45 : Modern&rsquo; Cabaret&nbsp; Adultes<\/p>\n\n\n\n<p><em>* Lors du cours d&rsquo;essai 2 technique (danses) seront propos\u00e9s.<\/em><br><\/p>\n\n\n\n<p><strong>Cours Bien-\u00eatre&nbsp;<\/strong>Mercredi&nbsp;18h45 &#8211; 19h45<\/p>\n\n\n\n<p>19h45 &#8211; 20h45<\/p>\n\n\n\n<p><br>Samedi&nbsp;9h15 &#8211; 10h1510h15 &#8211; 11h15<\/p>\n\n\n\n<p>Retrouvez-nous sur le forum des associations P\u00e9lissanne Boul\u00e8gues le samedi 06 septembre 2025 \u00e0 partir de 13h30<br><br><\/p>\n","protected":false},"excerpt":{"rendered":"<p>PORTES OUVERTES&nbsp;Du mercredi 18 au jeudi 26 juin Complexe G-L JackowskyCours ouverts&nbsp;aux non adh\u00e9rents et adh\u00e9rents&nbsp;(essais gratuits). Venez d\u00e9couvrir toutes nos s\u00e9ances.&nbsp; Cours de danse Mercredi&nbsp;: 14h30 &#8211; 15h15 : danse 7-9 ans 15h30 &#8211; 16h15 :&nbsp; danse 5-6 ans 16h15 &#8211; 17h00 : danse 2-4 ans 17h15 &#8211; 18h15 : Jazz&rsquo; Lyric&nbsp;+ Moderne\/Contemporain&nbsp; 10-12 [&hellip;]<\/p>\n","protected":false},"author":2,"featured_media":0,"comment_status":"closed","ping_status":"","sticky":false,"template":"","format":"standard","meta":[],"categories":[1],"tags":[],"_links":{"self":[{"href":"http:\/\/eviedanse-pelissanne.fr\/index.php\/wp-json\/wp\/v2\/posts\/682"}],"collection":[{"href":"http:\/\/eviedanse-pelissanne.fr\/index.php\/wp-json\/wp\/v2\/posts"}],"about":[{"href":"http:\/\/eviedanse-pelissanne.fr\/index.php\/wp-json\/wp\/v2\/types\/post"}],"author":[{"embeddable":true,"href":"http:\/\/eviedanse-pelissanne.fr\/index.php\/wp-json\/wp\/v2\/users\/2"}],"replies":[{"embeddable":true,"href":"http:\/\/eviedanse-pelissanne.fr\/index.php\/wp-json\/wp\/v2\/comments?post=682"}],"version-history":[{"count":6,"href":"http:\/\/eviedanse-pelissanne.fr\/index.php\/wp-json\/wp\/v2\/posts\/682\/revisions"}],"predecessor-version":[{"id":698,"href":"http:\/\/eviedanse-pelissanne.fr\/index.php\/wp-json\/wp\/v2\/posts\/682\/revisions\/698"}],"wp:attachment":[{"href":"http:\/\/eviedanse-pelissanne.fr\/index.php\/wp-json\/wp\/v2\/media?parent=682"}],"wp:term":[{"taxonomy":"category","embeddable":true,"href":"http:\/\/eviedanse-pelissanne.fr\/index.php\/wp-json\/wp\/v2\/categories?post=682"},{"taxonomy":"post_tag","embeddable":true,"href":"http:\/\/eviedanse-pelissanne.fr\/index.php\/wp-json\/wp\/v2\/tags?post=682"}],"curies":[{"name":"wp","href":"https:\/\/api.w.org\/{rel}","templated":true}]}}