{"id":692,"date":"2025-06-19T19:27:17","date_gmt":"2025-06-19T17:27:17","guid":{"rendered":"http:\/\/eviedanse-pelissanne.fr\/?p=692"},"modified":"2025-06-19T19:27:17","modified_gmt":"2025-06-19T17:27:17","slug":"atelier-bien-etre-juin-25","status":"publish","type":"post","link":"http:\/\/eviedanse-pelissanne.fr\/index.php\/2025\/06\/19\/atelier-bien-etre-juin-25\/","title":{"rendered":"ATELIER BIEN \u00caTRE JUIN 25"},"content":{"rendered":"\n<p>Voil\u00e0 que l&rsquo;\u00e9t\u00e9 bat son plein et la fin d&rsquo;ann\u00e9e d&rsquo;activit\u00e9 pointe le bout de son nez ! Et pour terminer en beaut\u00e9, St\u00e9phanie et C\u00e9line vous proposent un dernier atelier avant la petite pause d&rsquo;\u00e9t\u00e9\u00a0<\/p>\n\n\n\n<p>Si vous souhaitez profiter d&rsquo;un moment de d\u00e9tente et vous accorder une pause, vous \u00eates au bon endroit. Nous vous accueillerons dans un lieu chaleureux, avec bienveillance et convivialit\u00e9 qui nous d\u00e9finit. Nous offrirons \u00e0 chacun de ceux qui se joindront \u00e0 nous, la possibilit\u00e9 de d\u00e9couvrir \u00e0 travers nos ateliers le calme int\u00e9rieur, de\u00a0recharger ses batteries et un doux moment de pl\u00e9nitude\u00a0<\/p>\n\n\n\n<p><br>1er\u00a0atelier :\u00a0ALIGNEMENT\u00a0&amp; \u00c9TIREMENTS\u00a0DOUX avec C\u00e9line\u00a0<br>Nous commencerons par pratiquer une respiration profonde dans le but de nous recentrer sur nous,\u00a0sur le moment, de d\u00e9velopper cet\u00a0espace interne\u00a0et d\u2019am\u00e9liorer le passage de l\u2019\u00e9nergie \u00e0 travers tout le corps. La respiration consciente est essentielle et peut nous aider \u00e0 \u00e9quilibrer l&rsquo;\u00e9nergie entre les c\u00f4t\u00e9s gauche et droit du corps, et donc de la t\u00eate au pied. Puis les encha\u00eenements de postures propos\u00e9s seront id\u00e9aux dans la mesure o\u00f9 nombre de\u00a0postures\u00a0nous obligent \u00e0 nous recentrer davantage sur notre corps pour en tirer tous les b\u00e9n\u00e9fices. Pr\u00eatez attention aux parties de notre corps c\u2019est ainsi qu\u2019on pourra le soulager, qu&rsquo;on pourra trouver son\u00a0alignement interne, du corps physique, de la respiration et du mental.<\/p>\n\n\n\n<p><br>2\u00e8me atelier  RELAXATION &amp; VISUALISATION avec St\u00e9phanie\u00a0<br>Venez vous d\u00e9lasser dans une relaxation profonde guid\u00e9e au bol tibetain.\u00a0Install\u00e9s confortablement dans la posture de relaxation Savasana,\u00a0toutes les parties du corps se d\u00e9tendent, en partant des pieds pour remonter jusqu\u2019au visage,\u00a0guid\u00e9e par la voix\u00a0avec le bol tib\u00e9tain en accompagnement. Outil indispensable pour am\u00e9liorer le bien-\u00eatre \u00e9motionnel, afin de r\u00e9duire les sentiments de tensions, d&rsquo;anxi\u00e9t\u00e9, de fatigue&#8230; Les ondes \u00e9mises, \u00e0 des fr\u00e9quences sp\u00e9cifiques, favorisent un apaisement g\u00e9n\u00e9ral du corps et de l&rsquo;esprit.<br>Apr\u00e8s une ann\u00e9e d&rsquo;activit\u00e9 bien combl\u00e9e, venez profiter de ces deux ateliers o\u00f9 toutes l&rsquo;attention sera port\u00e9e sur vous !<\/p>\n\n\n\n<p>N&rsquo;attendez pas, r\u00e9servez vos places !<\/p>\n\n\n\n<p>MARDI 24 juin de 19h30 \u00e0 21h<\/p>\n\n\n\n<p>Espace Colibri &#8211;\u00a013 ZA du Bas Taulet, route de Lambesc &#8211; 13330 P\u00e9lissanne<\/p>\n\n\n\n<p>R\u00e9servation conseill\u00e9e et renseignements au :\u00a006 56 81 01 43 ou \u00e0 :\u00a0<a rel=\"noreferrer noopener\" href=\"mailto:atelierdanse.pelissanne@gmail.com\" target=\"_blank\">atelierdanse.pelissanne@gmail.com<\/a><\/p>\n\n\n\n<p>Atelier ouvert \u00e0 tous (adh\u00e9rent ou non adh\u00e9rent) &#8211;\u00a0Pas de distinction d&rsquo;\u00e2ge et de capacit\u00e9 physique\u00a0(ados-adultes-seniors)\u00a0<\/p>\n\n\n\n<p>Atelier maintenu d\u00e8s 4 participants &#8211; Retour de confirmation le jour J<\/p>\n\n\n\n<p>Par Wero au 06 56 81 01 43 ou sur place<\/p>\n\n\n\n<p>Tarifs &#8211; Forfaits :\u00a018\u20ac tarif\/pers : non adh\u00e9rent \/15\u20ac tarif\/pers : adh- E vie Danse\/Atelier Danse et bien-\u00eatre \/30\u20ac tarif : couple ou famille (m\u00eame foyer)<\/p>\n\n\n\n<p>\u00a0Pour tous les participants qui ont profit\u00e9 de nos ateliers ponctuels \u00e0 l&rsquo; Espace Colibris cette ann\u00e9e, une jolie remise vous est accord\u00e9e\u00a0\u00a0(15\u20ac&#8230; \/ 12\u20ac&#8230; \/ 25\u20ac&#8230;)<\/p>\n\n\n\n<p>Suivez moi sur mes pages Facebook:\u00a0<a rel=\"noreferrer noopener\" href=\"https:\/\/www.facebook.com\/gattceline\/\" target=\"_blank\">https:\/\/www.facebook.com\/gattceline\/<\/a>\u00a0 &amp; Instagram:\u00a0<a rel=\"noreferrer noopener\" href=\"https:\/\/www.instagram.com\/gatt.celine\/\" target=\"_blank\">https:\/\/www.instagram.com\/gatt.celine\/<\/a><br>\u00a0<\/p>\n\n\n\n<p>Rappel : Derni\u00e8res semaines de cours \u00ab\u00a0Portes ouvertes\u00a0\u00bb du 18 au 26 juin (voir mail en date du 12-06).<br>\u00a0Et si vous souhaitez pratiquer chez vous et b\u00e9n\u00e9ficier d&rsquo;une approche personnalis\u00e9e, C\u00e9line propose des cours particuliers \u00e0 domicile (sur le mois de juillet) en solo ou en duo&#8230;. N&rsquo;h\u00e9sitez pas \u00e0 la contacter !Tarifs : 1h de cours = 20\u20ac\u00a0 \/ Forfaits : 5h de cours = 90\u20ac \/ personne.<br><\/p>\n\n\n\n<figure class=\"wp-block-gallery columns-1 is-cropped\"><ul class=\"blocks-gallery-grid\"><li class=\"blocks-gallery-item\"><figure><img loading=\"lazy\" width=\"724\" height=\"1024\" src=\"http:\/\/eviedanse-pelissanne.fr\/wp-content\/uploads\/2025\/06\/atelier-BE-24-06-1-724x1024.png\" alt=\"\" data-id=\"693\" data-full-url=\"http:\/\/eviedanse-pelissanne.fr\/wp-content\/uploads\/2025\/06\/atelier-BE-24-06-1.png\" data-link=\"http:\/\/eviedanse-pelissanne.fr\/?attachment_id=693\" class=\"wp-image-693\" srcset=\"http:\/\/eviedanse-pelissanne.fr\/wp-content\/uploads\/2025\/06\/atelier-BE-24-06-1-724x1024.png 724w, http:\/\/eviedanse-pelissanne.fr\/wp-content\/uploads\/2025\/06\/atelier-BE-24-06-1-212x300.png 212w, http:\/\/eviedanse-pelissanne.fr\/wp-content\/uploads\/2025\/06\/atelier-BE-24-06-1-768x1086.png 768w, http:\/\/eviedanse-pelissanne.fr\/wp-content\/uploads\/2025\/06\/atelier-BE-24-06-1-1086x1536.png 1086w, http:\/\/eviedanse-pelissanne.fr\/wp-content\/uploads\/2025\/06\/atelier-BE-24-06-1.png 1414w\" sizes=\"(max-width: 724px) 100vw, 724px\" \/><\/figure><\/li><\/ul><\/figure>\n","protected":false},"excerpt":{"rendered":"<p>Voil\u00e0 que l&rsquo;\u00e9t\u00e9 bat son plein et la fin d&rsquo;ann\u00e9e d&rsquo;activit\u00e9 pointe le bout de son nez ! Et pour terminer en beaut\u00e9, St\u00e9phanie et C\u00e9line vous proposent un dernier atelier avant la petite pause d&rsquo;\u00e9t\u00e9\u00a0 Si vous souhaitez profiter d&rsquo;un moment de d\u00e9tente et vous accorder une pause, vous \u00eates au bon endroit. Nous [&hellip;]<\/p>\n","protected":false},"author":2,"featured_media":0,"comment_status":"closed","ping_status":"","sticky":false,"template":"","format":"standard","meta":[],"categories":[1],"tags":[],"_links":{"self":[{"href":"http:\/\/eviedanse-pelissanne.fr\/index.php\/wp-json\/wp\/v2\/posts\/692"}],"collection":[{"href":"http:\/\/eviedanse-pelissanne.fr\/index.php\/wp-json\/wp\/v2\/posts"}],"about":[{"href":"http:\/\/eviedanse-pelissanne.fr\/index.php\/wp-json\/wp\/v2\/types\/post"}],"author":[{"embeddable":true,"href":"http:\/\/eviedanse-pelissanne.fr\/index.php\/wp-json\/wp\/v2\/users\/2"}],"replies":[{"embeddable":true,"href":"http:\/\/eviedanse-pelissanne.fr\/index.php\/wp-json\/wp\/v2\/comments?post=692"}],"version-history":[{"count":2,"href":"http:\/\/eviedanse-pelissanne.fr\/index.php\/wp-json\/wp\/v2\/posts\/692\/revisions"}],"predecessor-version":[{"id":695,"href":"http:\/\/eviedanse-pelissanne.fr\/index.php\/wp-json\/wp\/v2\/posts\/692\/revisions\/695"}],"wp:attachment":[{"href":"http:\/\/eviedanse-pelissanne.fr\/index.php\/wp-json\/wp\/v2\/media?parent=692"}],"wp:term":[{"taxonomy":"category","embeddable":true,"href":"http:\/\/eviedanse-pelissanne.fr\/index.php\/wp-json\/wp\/v2\/categories?post=692"},{"taxonomy":"post_tag","embeddable":true,"href":"http:\/\/eviedanse-pelissanne.fr\/index.php\/wp-json\/wp\/v2\/tags?post=692"}],"curies":[{"name":"wp","href":"https:\/\/api.w.org\/{rel}","templated":true}]}}