{"id":699,"date":"2025-08-15T16:47:20","date_gmt":"2025-08-15T14:47:20","guid":{"rendered":"http:\/\/eviedanse-pelissanne.fr\/?p=699"},"modified":"2025-08-15T16:47:20","modified_gmt":"2025-08-15T14:47:20","slug":"rentree-2025-on-vous-attend","status":"publish","type":"post","link":"http:\/\/eviedanse-pelissanne.fr\/index.php\/2025\/08\/15\/rentree-2025-on-vous-attend\/","title":{"rendered":"RENTREE 2025 ON VOUS ATTEND !"},"content":{"rendered":"\n<p>Nous repartons pour une nouvelle ann\u00e9e, avec de nouvelles propositions de lieux et d&rsquo;horaires pour s&rsquo;exprimer avec son corps, se d\u00e9tendre, reprendre de l&rsquo;\u00e9nergie, son \u00e9quilibre, retrouver sa cr\u00e9ativit\u00e9 apr\u00e8s la saison estivale <\/p>\n\n\n\n<p>On vous attend avec joie, venez nous rejoindre pour am\u00e9liorer votre sant\u00e9, votre bien \u00eatre, et\/ou donner une activit\u00e9 gratifiante \u00e0 vos t\u00eates blondes<\/p>\n\n\n\n<figure class=\"wp-block-gallery columns-1 is-cropped\"><ul class=\"blocks-gallery-grid\"><li class=\"blocks-gallery-item\"><figure><img loading=\"lazy\" width=\"724\" height=\"1024\" src=\"http:\/\/eviedanse-pelissanne.fr\/wp-content\/uploads\/2025\/08\/Rentree-danse-2025-724x1024.jpg\" alt=\"\" data-id=\"700\" data-full-url=\"http:\/\/eviedanse-pelissanne.fr\/wp-content\/uploads\/2025\/08\/Rentree-danse-2025.jpg\" data-link=\"http:\/\/eviedanse-pelissanne.fr\/?attachment_id=700\" class=\"wp-image-700\" srcset=\"http:\/\/eviedanse-pelissanne.fr\/wp-content\/uploads\/2025\/08\/Rentree-danse-2025-724x1024.jpg 724w, http:\/\/eviedanse-pelissanne.fr\/wp-content\/uploads\/2025\/08\/Rentree-danse-2025-212x300.jpg 212w, http:\/\/eviedanse-pelissanne.fr\/wp-content\/uploads\/2025\/08\/Rentree-danse-2025-768x1086.jpg 768w, http:\/\/eviedanse-pelissanne.fr\/wp-content\/uploads\/2025\/08\/Rentree-danse-2025-1086x1536.jpg 1086w, http:\/\/eviedanse-pelissanne.fr\/wp-content\/uploads\/2025\/08\/Rentree-danse-2025.jpg 1414w\" sizes=\"(max-width: 724px) 100vw, 724px\" \/><\/figure><\/li><\/ul><\/figure>\n\n\n\n<figure class=\"wp-block-gallery columns-1 is-cropped\"><ul class=\"blocks-gallery-grid\"><li class=\"blocks-gallery-item\"><figure><img loading=\"lazy\" width=\"724\" height=\"1024\" src=\"http:\/\/eviedanse-pelissanne.fr\/wp-content\/uploads\/2025\/08\/Rentree-BE-2025-724x1024.jpg\" alt=\"\" data-id=\"701\" data-full-url=\"http:\/\/eviedanse-pelissanne.fr\/wp-content\/uploads\/2025\/08\/Rentree-BE-2025.jpg\" data-link=\"http:\/\/eviedanse-pelissanne.fr\/?attachment_id=701\" class=\"wp-image-701\" srcset=\"http:\/\/eviedanse-pelissanne.fr\/wp-content\/uploads\/2025\/08\/Rentree-BE-2025-724x1024.jpg 724w, http:\/\/eviedanse-pelissanne.fr\/wp-content\/uploads\/2025\/08\/Rentree-BE-2025-212x300.jpg 212w, http:\/\/eviedanse-pelissanne.fr\/wp-content\/uploads\/2025\/08\/Rentree-BE-2025-768x1086.jpg 768w, http:\/\/eviedanse-pelissanne.fr\/wp-content\/uploads\/2025\/08\/Rentree-BE-2025-1086x1536.jpg 1086w, http:\/\/eviedanse-pelissanne.fr\/wp-content\/uploads\/2025\/08\/Rentree-BE-2025.jpg 1414w\" sizes=\"(max-width: 724px) 100vw, 724px\" \/><\/figure><\/li><\/ul><\/figure>\n\n\n\n<figure class=\"wp-block-gallery columns-1 is-cropped\"><ul class=\"blocks-gallery-grid\"><li class=\"blocks-gallery-item\"><figure><img loading=\"lazy\" width=\"724\" height=\"1024\" src=\"http:\/\/eviedanse-pelissanne.fr\/wp-content\/uploads\/2025\/08\/Programme-BE-rentree-2025-1-724x1024.jpg\" alt=\"\" data-id=\"704\" data-full-url=\"http:\/\/eviedanse-pelissanne.fr\/wp-content\/uploads\/2025\/08\/Programme-BE-rentree-2025-1.jpg\" data-link=\"http:\/\/eviedanse-pelissanne.fr\/?attachment_id=704\" class=\"wp-image-704\" srcset=\"http:\/\/eviedanse-pelissanne.fr\/wp-content\/uploads\/2025\/08\/Programme-BE-rentree-2025-1-724x1024.jpg 724w, http:\/\/eviedanse-pelissanne.fr\/wp-content\/uploads\/2025\/08\/Programme-BE-rentree-2025-1-212x300.jpg 212w, http:\/\/eviedanse-pelissanne.fr\/wp-content\/uploads\/2025\/08\/Programme-BE-rentree-2025-1-768x1086.jpg 768w, http:\/\/eviedanse-pelissanne.fr\/wp-content\/uploads\/2025\/08\/Programme-BE-rentree-2025-1-1086x1536.jpg 1086w, http:\/\/eviedanse-pelissanne.fr\/wp-content\/uploads\/2025\/08\/Programme-BE-rentree-2025-1.jpg 1414w\" sizes=\"(max-width: 724px) 100vw, 724px\" \/><\/figure><\/li><\/ul><\/figure>\n\n\n\n<figure class=\"wp-block-gallery columns-1 is-cropped\"><ul class=\"blocks-gallery-grid\"><li class=\"blocks-gallery-item\"><figure><img loading=\"lazy\" width=\"724\" height=\"1024\" src=\"http:\/\/eviedanse-pelissanne.fr\/wp-content\/uploads\/2025\/08\/Programme-danse-rentree-2025-1-724x1024.jpg\" alt=\"\" data-id=\"705\" data-full-url=\"http:\/\/eviedanse-pelissanne.fr\/wp-content\/uploads\/2025\/08\/Programme-danse-rentree-2025-1.jpg\" data-link=\"http:\/\/eviedanse-pelissanne.fr\/?attachment_id=705\" class=\"wp-image-705\" srcset=\"http:\/\/eviedanse-pelissanne.fr\/wp-content\/uploads\/2025\/08\/Programme-danse-rentree-2025-1-724x1024.jpg 724w, http:\/\/eviedanse-pelissanne.fr\/wp-content\/uploads\/2025\/08\/Programme-danse-rentree-2025-1-212x300.jpg 212w, http:\/\/eviedanse-pelissanne.fr\/wp-content\/uploads\/2025\/08\/Programme-danse-rentree-2025-1-768x1086.jpg 768w, http:\/\/eviedanse-pelissanne.fr\/wp-content\/uploads\/2025\/08\/Programme-danse-rentree-2025-1-1086x1536.jpg 1086w, http:\/\/eviedanse-pelissanne.fr\/wp-content\/uploads\/2025\/08\/Programme-danse-rentree-2025-1.jpg 1414w\" sizes=\"(max-width: 724px) 100vw, 724px\" \/><\/figure><\/li><\/ul><\/figure>\n\n\n\n<p><\/p>\n","protected":false},"excerpt":{"rendered":"<p>Nous repartons pour une nouvelle ann\u00e9e, avec de nouvelles propositions de lieux et d&rsquo;horaires pour s&rsquo;exprimer avec son corps, se d\u00e9tendre, reprendre de l&rsquo;\u00e9nergie, son \u00e9quilibre, retrouver sa cr\u00e9ativit\u00e9 apr\u00e8s la saison estivale On vous attend avec joie, venez nous rejoindre pour am\u00e9liorer votre sant\u00e9, votre bien \u00eatre, et\/ou donner une activit\u00e9 gratifiante \u00e0 vos [&hellip;]<\/p>\n","protected":false},"author":2,"featured_media":0,"comment_status":"closed","ping_status":"","sticky":false,"template":"","format":"standard","meta":[],"categories":[1],"tags":[],"_links":{"self":[{"href":"http:\/\/eviedanse-pelissanne.fr\/index.php\/wp-json\/wp\/v2\/posts\/699"}],"collection":[{"href":"http:\/\/eviedanse-pelissanne.fr\/index.php\/wp-json\/wp\/v2\/posts"}],"about":[{"href":"http:\/\/eviedanse-pelissanne.fr\/index.php\/wp-json\/wp\/v2\/types\/post"}],"author":[{"embeddable":true,"href":"http:\/\/eviedanse-pelissanne.fr\/index.php\/wp-json\/wp\/v2\/users\/2"}],"replies":[{"embeddable":true,"href":"http:\/\/eviedanse-pelissanne.fr\/index.php\/wp-json\/wp\/v2\/comments?post=699"}],"version-history":[{"count":1,"href":"http:\/\/eviedanse-pelissanne.fr\/index.php\/wp-json\/wp\/v2\/posts\/699\/revisions"}],"predecessor-version":[{"id":706,"href":"http:\/\/eviedanse-pelissanne.fr\/index.php\/wp-json\/wp\/v2\/posts\/699\/revisions\/706"}],"wp:attachment":[{"href":"http:\/\/eviedanse-pelissanne.fr\/index.php\/wp-json\/wp\/v2\/media?parent=699"}],"wp:term":[{"taxonomy":"category","embeddable":true,"href":"http:\/\/eviedanse-pelissanne.fr\/index.php\/wp-json\/wp\/v2\/categories?post=699"},{"taxonomy":"post_tag","embeddable":true,"href":"http:\/\/eviedanse-pelissanne.fr\/index.php\/wp-json\/wp\/v2\/tags?post=699"}],"curies":[{"name":"wp","href":"https:\/\/api.w.org\/{rel}","templated":true}]}}