{"id":707,"date":"2025-08-15T16:45:33","date_gmt":"2025-08-15T14:45:33","guid":{"rendered":"http:\/\/eviedanse-pelissanne.fr\/?p=707"},"modified":"2025-08-15T16:45:33","modified_gmt":"2025-08-15T14:45:33","slug":"on-prepare-la-rentree-stage","status":"publish","type":"post","link":"http:\/\/eviedanse-pelissanne.fr\/index.php\/2025\/08\/15\/on-prepare-la-rentree-stage\/","title":{"rendered":"On pr\u00e9pare la rentr\u00e9e ;) Stage"},"content":{"rendered":"\n<p>Avant la course effren\u00e9e de la rentr\u00e9e on s&rsquo;offre une parenth\u00e8se de bien \u00eatre et de douceur, on se r\u00e9aligne avec soi, on s&rsquo;ancre dans le sol, on respire !!!<\/p>\n\n\n\n<figure class=\"wp-block-gallery columns-1 is-cropped\"><ul class=\"blocks-gallery-grid\"><li class=\"blocks-gallery-item\"><figure><img loading=\"lazy\" width=\"492\" height=\"698\" src=\"http:\/\/eviedanse-pelissanne.fr\/wp-content\/uploads\/2025\/08\/Stage-rentree-yoga-2025.png\" alt=\"\" data-id=\"708\" data-full-url=\"http:\/\/eviedanse-pelissanne.fr\/wp-content\/uploads\/2025\/08\/Stage-rentree-yoga-2025.png\" data-link=\"http:\/\/eviedanse-pelissanne.fr\/?attachment_id=708\" class=\"wp-image-708\" srcset=\"http:\/\/eviedanse-pelissanne.fr\/wp-content\/uploads\/2025\/08\/Stage-rentree-yoga-2025.png 492w, http:\/\/eviedanse-pelissanne.fr\/wp-content\/uploads\/2025\/08\/Stage-rentree-yoga-2025-211x300.png 211w\" sizes=\"(max-width: 492px) 100vw, 492px\" \/><\/figure><\/li><\/ul><\/figure>\n","protected":false},"excerpt":{"rendered":"<p>Avant la course effren\u00e9e de la rentr\u00e9e on s&rsquo;offre une parenth\u00e8se de bien \u00eatre et de douceur, on se r\u00e9aligne avec soi, on s&rsquo;ancre dans le sol, on respire !!!<\/p>\n","protected":false},"author":2,"featured_media":0,"comment_status":"closed","ping_status":"","sticky":false,"template":"","format":"standard","meta":[],"categories":[1],"tags":[],"_links":{"self":[{"href":"http:\/\/eviedanse-pelissanne.fr\/index.php\/wp-json\/wp\/v2\/posts\/707"}],"collection":[{"href":"http:\/\/eviedanse-pelissanne.fr\/index.php\/wp-json\/wp\/v2\/posts"}],"about":[{"href":"http:\/\/eviedanse-pelissanne.fr\/index.php\/wp-json\/wp\/v2\/types\/post"}],"author":[{"embeddable":true,"href":"http:\/\/eviedanse-pelissanne.fr\/index.php\/wp-json\/wp\/v2\/users\/2"}],"replies":[{"embeddable":true,"href":"http:\/\/eviedanse-pelissanne.fr\/index.php\/wp-json\/wp\/v2\/comments?post=707"}],"version-history":[{"count":1,"href":"http:\/\/eviedanse-pelissanne.fr\/index.php\/wp-json\/wp\/v2\/posts\/707\/revisions"}],"predecessor-version":[{"id":709,"href":"http:\/\/eviedanse-pelissanne.fr\/index.php\/wp-json\/wp\/v2\/posts\/707\/revisions\/709"}],"wp:attachment":[{"href":"http:\/\/eviedanse-pelissanne.fr\/index.php\/wp-json\/wp\/v2\/media?parent=707"}],"wp:term":[{"taxonomy":"category","embeddable":true,"href":"http:\/\/eviedanse-pelissanne.fr\/index.php\/wp-json\/wp\/v2\/categories?post=707"},{"taxonomy":"post_tag","embeddable":true,"href":"http:\/\/eviedanse-pelissanne.fr\/index.php\/wp-json\/wp\/v2\/tags?post=707"}],"curies":[{"name":"wp","href":"https:\/\/api.w.org\/{rel}","templated":true}]}}