{"id":744,"date":"2025-08-27T12:41:09","date_gmt":"2025-08-27T10:41:09","guid":{"rendered":"http:\/\/eviedanse-pelissanne.fr\/?p=744"},"modified":"2025-08-27T12:41:09","modified_gmt":"2025-08-27T10:41:09","slug":"forum-des-associations-3","status":"publish","type":"post","link":"http:\/\/eviedanse-pelissanne.fr\/index.php\/2025\/08\/27\/forum-des-associations-3\/","title":{"rendered":"FORUM DES ASSOCIATIONS"},"content":{"rendered":"\n<p>Nous vous attendons nombreux au forum des associations samedi 6 septembre d\u00e8s 13h30, le fameux PELISSANNE Boul\u00e8gue !!!<\/p>\n\n\n\n<p>Venez \u00e0 notre rencontre pour toutes les informations de la rentr\u00e9e <\/p>\n\n\n\n<figure class=\"wp-block-gallery columns-1 is-cropped\"><ul class=\"blocks-gallery-grid\"><li class=\"blocks-gallery-item\"><figure><img loading=\"lazy\" width=\"509\" height=\"720\" src=\"http:\/\/eviedanse-pelissanne.fr\/wp-content\/uploads\/2025\/08\/BOULEGUE.jpg\" alt=\"\" data-id=\"745\" data-full-url=\"http:\/\/eviedanse-pelissanne.fr\/wp-content\/uploads\/2025\/08\/BOULEGUE.jpg\" data-link=\"http:\/\/eviedanse-pelissanne.fr\/?attachment_id=745\" class=\"wp-image-745\" srcset=\"http:\/\/eviedanse-pelissanne.fr\/wp-content\/uploads\/2025\/08\/BOULEGUE.jpg 509w, http:\/\/eviedanse-pelissanne.fr\/wp-content\/uploads\/2025\/08\/BOULEGUE-212x300.jpg 212w\" sizes=\"(max-width: 509px) 100vw, 509px\" \/><\/figure><\/li><\/ul><\/figure>\n","protected":false},"excerpt":{"rendered":"<p>Nous vous attendons nombreux au forum des associations samedi 6 septembre d\u00e8s 13h30, le fameux PELISSANNE Boul\u00e8gue !!! Venez \u00e0 notre rencontre pour toutes les informations de la rentr\u00e9e<\/p>\n","protected":false},"author":2,"featured_media":0,"comment_status":"closed","ping_status":"","sticky":false,"template":"","format":"standard","meta":[],"categories":[1],"tags":[],"_links":{"self":[{"href":"http:\/\/eviedanse-pelissanne.fr\/index.php\/wp-json\/wp\/v2\/posts\/744"}],"collection":[{"href":"http:\/\/eviedanse-pelissanne.fr\/index.php\/wp-json\/wp\/v2\/posts"}],"about":[{"href":"http:\/\/eviedanse-pelissanne.fr\/index.php\/wp-json\/wp\/v2\/types\/post"}],"author":[{"embeddable":true,"href":"http:\/\/eviedanse-pelissanne.fr\/index.php\/wp-json\/wp\/v2\/users\/2"}],"replies":[{"embeddable":true,"href":"http:\/\/eviedanse-pelissanne.fr\/index.php\/wp-json\/wp\/v2\/comments?post=744"}],"version-history":[{"count":1,"href":"http:\/\/eviedanse-pelissanne.fr\/index.php\/wp-json\/wp\/v2\/posts\/744\/revisions"}],"predecessor-version":[{"id":746,"href":"http:\/\/eviedanse-pelissanne.fr\/index.php\/wp-json\/wp\/v2\/posts\/744\/revisions\/746"}],"wp:attachment":[{"href":"http:\/\/eviedanse-pelissanne.fr\/index.php\/wp-json\/wp\/v2\/media?parent=744"}],"wp:term":[{"taxonomy":"category","embeddable":true,"href":"http:\/\/eviedanse-pelissanne.fr\/index.php\/wp-json\/wp\/v2\/categories?post=744"},{"taxonomy":"post_tag","embeddable":true,"href":"http:\/\/eviedanse-pelissanne.fr\/index.php\/wp-json\/wp\/v2\/tags?post=744"}],"curies":[{"name":"wp","href":"https:\/\/api.w.org\/{rel}","templated":true}]}}