{"id":753,"date":"2025-12-10T08:52:44","date_gmt":"2025-12-10T07:52:44","guid":{"rendered":"http:\/\/eviedanse-pelissanne.fr\/?p=753"},"modified":"2025-12-10T08:52:44","modified_gmt":"2025-12-10T07:52:44","slug":"portes-ouvertes-de-noel","status":"publish","type":"post","link":"http:\/\/eviedanse-pelissanne.fr\/index.php\/2025\/12\/10\/portes-ouvertes-de-noel\/","title":{"rendered":"PORTES OUVERTES DE NO\u00cbL"},"content":{"rendered":"\n<p>Avant l&rsquo;arriv\u00e9e des f\u00eates de fin d&rsquo;ann\u00e9e, C\u00e9line GATT et l&rsquo;association E vie Danse , avons le plaisir de vous proposer nos portes ouvertes. Convivialit\u00e9 et partage autour de notre sapin de No\u00ebl\u00a0<br><\/p>\n\n\n\n<p>Pour les danseuses il sera propos\u00e9 un apr\u00e8s-midi No\u00ebl dansant\u00a0<strong>le mercredi 17 d\u00e9cembre,<\/strong>\u00a0mettant en avant les cours (\u00e9chauffements, ateliers, danses,..) de toutes les classes.<br><\/p>\n\n\n\n<p><strong><u>Mercredi 17 d\u00e9cembre<\/u>\u00a0:15h00 &#8211; 15h45 :\u00a0Enfant 5 &#8211; 6 ans\u00a0\u00a016h00 &#8211; 16h45 :\u00a0Enfant 3 &#8211; 4 ans\u00a0+ 4 &#8211; 5 ans\u00a017h00 &#8211; 17h45 :\u00a0Initiation 7 &#8211; 9 ans\u00a018h00 &#8211; 18h45\u00a0\u00a0Modern&rsquo;Jazz\u00a09 &#8211; 12 ans19h00 &#8211; 19h45 :\u00a0Modern&rsquo; Jazz\u00a0+ Moderne\/contemporain ados-adultes19h45 &#8211; 20h45 :\u00a0\u00a0Modern&rsquo; Cabaret adultes<\/strong><\/p>\n\n\n\n<p>\u00a0Pour les adh\u00e9rents des\u00a0<strong>cours bien-\u00eatre, nous vous  proposons une soir\u00e9e 2 s\u00e9ances en 1<\/strong>, o\u00f9 vous pourrez profiter ou d\u00e9couvrir\u00a0pleinement tous leurs bienfaits&#8230; <\/p>\n\n\n\n<p>A cette occasion vous pouvez venir accompagn\u00e9 d&rsquo;un proche. Cette s\u00e9ance est aussi ouverte \u00e0 tous les externes et ceux qui souhaitent d\u00e9couvrir nos s\u00e9ances bien-\u00eatre.\u00a0<br>Alors n&rsquo;h\u00e9sitez\u00a0pas, vous \u00eates les bienvenus !<\/p>\n\n\n\n<p><strong><u>\u00a0Jeudi 18 d\u00e9cembre<\/u>\u00a0:\u00a0(rattrapage de la s\u00e9ance du mercredi 17) de\u00a019h00 &#8211; 20h15 : Flow&rsquo; Tonic\u00a0+\u00a0Zen&rsquo; Strech\u00a0 ados-adultes<\/strong><\/p>\n\n\n\n<p>Et \u00e0 cette occasion vous pourrez aussi participer \u00e0 une g\u00e9n\u00e9reuse contribution pour le T\u00e9l\u00e9thon\u00a02025\u00a0<\/p>\n\n\n\n<p>Nous esp\u00e9rons que cette initiative, vous enchantera et fera de ce moment partag\u00e9 un temps de bonheur.\u00a0Nous esp\u00e9rons\u00a0vous retrouver nombreux pour cette\u00a0occasion\u00a0<\/p>\n\n\n\n<p>Nous vous souhaitons d&rsquo;avance \u00e0 tous de passer de bonne f\u00eate de No\u00ebl et de fin d&rsquo;ann\u00e9e\u00a0<\/p>\n\n\n\n<figure class=\"wp-block-image size-large\"><img loading=\"lazy\" width=\"724\" height=\"1024\" src=\"http:\/\/eviedanse-pelissanne.fr\/wp-content\/uploads\/2025\/12\/portes-ouvertes-17-et-18-12-724x1024.png\" alt=\"\" class=\"wp-image-754\" srcset=\"http:\/\/eviedanse-pelissanne.fr\/wp-content\/uploads\/2025\/12\/portes-ouvertes-17-et-18-12-724x1024.png 724w, http:\/\/eviedanse-pelissanne.fr\/wp-content\/uploads\/2025\/12\/portes-ouvertes-17-et-18-12-212x300.png 212w, http:\/\/eviedanse-pelissanne.fr\/wp-content\/uploads\/2025\/12\/portes-ouvertes-17-et-18-12-768x1086.png 768w, http:\/\/eviedanse-pelissanne.fr\/wp-content\/uploads\/2025\/12\/portes-ouvertes-17-et-18-12-1086x1536.png 1086w, http:\/\/eviedanse-pelissanne.fr\/wp-content\/uploads\/2025\/12\/portes-ouvertes-17-et-18-12.png 1414w\" sizes=\"(max-width: 724px) 100vw, 724px\" \/><\/figure>\n","protected":false},"excerpt":{"rendered":"<p>Avant l&rsquo;arriv\u00e9e des f\u00eates de fin d&rsquo;ann\u00e9e, C\u00e9line GATT et l&rsquo;association E vie Danse , avons le plaisir de vous proposer nos portes ouvertes. Convivialit\u00e9 et partage autour de notre sapin de No\u00ebl\u00a0 Pour les danseuses il sera propos\u00e9 un apr\u00e8s-midi No\u00ebl dansant\u00a0le mercredi 17 d\u00e9cembre,\u00a0mettant en avant les cours (\u00e9chauffements, ateliers, danses,..) de toutes [&hellip;]<\/p>\n","protected":false},"author":2,"featured_media":0,"comment_status":"closed","ping_status":"","sticky":false,"template":"","format":"standard","meta":[],"categories":[1],"tags":[],"_links":{"self":[{"href":"http:\/\/eviedanse-pelissanne.fr\/index.php\/wp-json\/wp\/v2\/posts\/753"}],"collection":[{"href":"http:\/\/eviedanse-pelissanne.fr\/index.php\/wp-json\/wp\/v2\/posts"}],"about":[{"href":"http:\/\/eviedanse-pelissanne.fr\/index.php\/wp-json\/wp\/v2\/types\/post"}],"author":[{"embeddable":true,"href":"http:\/\/eviedanse-pelissanne.fr\/index.php\/wp-json\/wp\/v2\/users\/2"}],"replies":[{"embeddable":true,"href":"http:\/\/eviedanse-pelissanne.fr\/index.php\/wp-json\/wp\/v2\/comments?post=753"}],"version-history":[{"count":1,"href":"http:\/\/eviedanse-pelissanne.fr\/index.php\/wp-json\/wp\/v2\/posts\/753\/revisions"}],"predecessor-version":[{"id":755,"href":"http:\/\/eviedanse-pelissanne.fr\/index.php\/wp-json\/wp\/v2\/posts\/753\/revisions\/755"}],"wp:attachment":[{"href":"http:\/\/eviedanse-pelissanne.fr\/index.php\/wp-json\/wp\/v2\/media?parent=753"}],"wp:term":[{"taxonomy":"category","embeddable":true,"href":"http:\/\/eviedanse-pelissanne.fr\/index.php\/wp-json\/wp\/v2\/categories?post=753"},{"taxonomy":"post_tag","embeddable":true,"href":"http:\/\/eviedanse-pelissanne.fr\/index.php\/wp-json\/wp\/v2\/tags?post=753"}],"curies":[{"name":"wp","href":"https:\/\/api.w.org\/{rel}","templated":true}]}}