{"id":756,"date":"2025-12-31T16:33:59","date_gmt":"2025-12-31T15:33:59","guid":{"rendered":"http:\/\/eviedanse-pelissanne.fr\/?p=756"},"modified":"2025-12-31T16:33:59","modified_gmt":"2025-12-31T15:33:59","slug":"bonne-annee-2026","status":"publish","type":"post","link":"http:\/\/eviedanse-pelissanne.fr\/index.php\/2025\/12\/31\/bonne-annee-2026\/","title":{"rendered":"BONNE ANNEE 2026"},"content":{"rendered":"\n<p>Nous vous souhaitons une tr\u00e8s bonne ann\u00e9e 2026, nous sous souhaitons, sant\u00e9, prosp\u00e9rit\u00e9 et s\u00e9r\u00e9nit\u00e9, pourquoi pas trouver un peu de calme et d&rsquo;\u00e9vasion dans les activit\u00e9s propos\u00e9es par C\u00e9line, venez nous rejoindre cette ann\u00e9e, il n&rsquo;est pas trop tard !<\/p>\n\n\n\n<p>Nous avons fini l&rsquo;ann\u00e9e avec une belle apr\u00e8s-midi ensemble: les parents, grands-parents et amis se sont retrouv\u00e9s autour du sapin et nos danseuses petites et grandes nous ont fait de belles d\u00e9monstrations de leurs talents !<\/p>\n\n\n\n<figure class=\"wp-block-image size-large\"><img loading=\"lazy\" width=\"1024\" height=\"769\" src=\"http:\/\/eviedanse-pelissanne.fr\/wp-content\/uploads\/2025\/12\/NOEL-2025-1024x769.jpg\" alt=\"\" class=\"wp-image-757\" srcset=\"http:\/\/eviedanse-pelissanne.fr\/wp-content\/uploads\/2025\/12\/NOEL-2025-1024x769.jpg 1024w, http:\/\/eviedanse-pelissanne.fr\/wp-content\/uploads\/2025\/12\/NOEL-2025-300x225.jpg 300w, http:\/\/eviedanse-pelissanne.fr\/wp-content\/uploads\/2025\/12\/NOEL-2025-768x577.jpg 768w, http:\/\/eviedanse-pelissanne.fr\/wp-content\/uploads\/2025\/12\/NOEL-2025-1536x1153.jpg 1536w, http:\/\/eviedanse-pelissanne.fr\/wp-content\/uploads\/2025\/12\/NOEL-2025-2048x1538.jpg 2048w\" sizes=\"(max-width: 1024px) 100vw, 1024px\" \/><\/figure>\n\n\n\n<figure class=\"wp-block-image size-large\"><img loading=\"lazy\" width=\"1024\" height=\"769\" src=\"http:\/\/eviedanse-pelissanne.fr\/wp-content\/uploads\/2025\/12\/NOEL-2025-1-1024x769.jpg\" alt=\"\" class=\"wp-image-758\" srcset=\"http:\/\/eviedanse-pelissanne.fr\/wp-content\/uploads\/2025\/12\/NOEL-2025-1-1024x769.jpg 1024w, http:\/\/eviedanse-pelissanne.fr\/wp-content\/uploads\/2025\/12\/NOEL-2025-1-300x225.jpg 300w, http:\/\/eviedanse-pelissanne.fr\/wp-content\/uploads\/2025\/12\/NOEL-2025-1-768x577.jpg 768w, http:\/\/eviedanse-pelissanne.fr\/wp-content\/uploads\/2025\/12\/NOEL-2025-1-1536x1153.jpg 1536w, http:\/\/eviedanse-pelissanne.fr\/wp-content\/uploads\/2025\/12\/NOEL-2025-1-2048x1538.jpg 2048w\" sizes=\"(max-width: 1024px) 100vw, 1024px\" \/><\/figure>\n\n\n\n<figure class=\"wp-block-image size-large\"><img loading=\"lazy\" width=\"1024\" height=\"769\" src=\"http:\/\/eviedanse-pelissanne.fr\/wp-content\/uploads\/2025\/12\/NOEL-2025-2-1024x769.jpg\" alt=\"\" class=\"wp-image-759\" srcset=\"http:\/\/eviedanse-pelissanne.fr\/wp-content\/uploads\/2025\/12\/NOEL-2025-2-1024x769.jpg 1024w, http:\/\/eviedanse-pelissanne.fr\/wp-content\/uploads\/2025\/12\/NOEL-2025-2-300x225.jpg 300w, http:\/\/eviedanse-pelissanne.fr\/wp-content\/uploads\/2025\/12\/NOEL-2025-2-768x577.jpg 768w, http:\/\/eviedanse-pelissanne.fr\/wp-content\/uploads\/2025\/12\/NOEL-2025-2-1536x1153.jpg 1536w, http:\/\/eviedanse-pelissanne.fr\/wp-content\/uploads\/2025\/12\/NOEL-2025-2-2048x1538.jpg 2048w\" sizes=\"(max-width: 1024px) 100vw, 1024px\" \/><\/figure>\n","protected":false},"excerpt":{"rendered":"<p>Nous vous souhaitons une tr\u00e8s bonne ann\u00e9e 2026, nous sous souhaitons, sant\u00e9, prosp\u00e9rit\u00e9 et s\u00e9r\u00e9nit\u00e9, pourquoi pas trouver un peu de calme et d&rsquo;\u00e9vasion dans les activit\u00e9s propos\u00e9es par C\u00e9line, venez nous rejoindre cette ann\u00e9e, il n&rsquo;est pas trop tard ! Nous avons fini l&rsquo;ann\u00e9e avec une belle apr\u00e8s-midi ensemble: les parents, grands-parents et amis [&hellip;]<\/p>\n","protected":false},"author":2,"featured_media":0,"comment_status":"closed","ping_status":"","sticky":false,"template":"","format":"standard","meta":[],"categories":[1],"tags":[],"_links":{"self":[{"href":"http:\/\/eviedanse-pelissanne.fr\/index.php\/wp-json\/wp\/v2\/posts\/756"}],"collection":[{"href":"http:\/\/eviedanse-pelissanne.fr\/index.php\/wp-json\/wp\/v2\/posts"}],"about":[{"href":"http:\/\/eviedanse-pelissanne.fr\/index.php\/wp-json\/wp\/v2\/types\/post"}],"author":[{"embeddable":true,"href":"http:\/\/eviedanse-pelissanne.fr\/index.php\/wp-json\/wp\/v2\/users\/2"}],"replies":[{"embeddable":true,"href":"http:\/\/eviedanse-pelissanne.fr\/index.php\/wp-json\/wp\/v2\/comments?post=756"}],"version-history":[{"count":1,"href":"http:\/\/eviedanse-pelissanne.fr\/index.php\/wp-json\/wp\/v2\/posts\/756\/revisions"}],"predecessor-version":[{"id":760,"href":"http:\/\/eviedanse-pelissanne.fr\/index.php\/wp-json\/wp\/v2\/posts\/756\/revisions\/760"}],"wp:attachment":[{"href":"http:\/\/eviedanse-pelissanne.fr\/index.php\/wp-json\/wp\/v2\/media?parent=756"}],"wp:term":[{"taxonomy":"category","embeddable":true,"href":"http:\/\/eviedanse-pelissanne.fr\/index.php\/wp-json\/wp\/v2\/categories?post=756"},{"taxonomy":"post_tag","embeddable":true,"href":"http:\/\/eviedanse-pelissanne.fr\/index.php\/wp-json\/wp\/v2\/tags?post=756"}],"curies":[{"name":"wp","href":"https:\/\/api.w.org\/{rel}","templated":true}]}}