{"id":772,"date":"2026-04-26T18:47:12","date_gmt":"2026-04-26T16:47:12","guid":{"rendered":"http:\/\/eviedanse-pelissanne.fr\/?p=772"},"modified":"2026-04-26T18:47:12","modified_gmt":"2026-04-26T16:47:12","slug":"gala-20-juin-save-the-date","status":"publish","type":"post","link":"http:\/\/eviedanse-pelissanne.fr\/index.php\/2026\/04\/26\/gala-20-juin-save-the-date\/","title":{"rendered":"GALA 20 JUIN : SAVE THE DATE"},"content":{"rendered":"\n<p>A peine avons nous l&rsquo;impression d&rsquo;avoir commenc\u00e9 l&rsquo;ann\u00e9e que nous en voyons d\u00e9j\u00e0 la fin&#8230;Mais c&rsquo;est aussi avec excitation que nous attendons notre gala de fin d&rsquo;ann\u00e9e, chor\u00e9graphi\u00e9 et dirig\u00e9 par C\u00e9line GATT, notre professeure de danse passionn\u00e9e .<\/p>\n\n\n\n<p>Plongez dans une soir\u00e9e vibrante o\u00f9 l\u2019\u00e9nergie, le rythme et l\u2019\u00e9motion seront au rendez-vous !<\/p>\n\n\n\n<p>Pas moins de&nbsp;60 danseuses de tous \u00e2ges&nbsp;monteront sur sc\u00e8ne pour vous faire voyager \u00e0 travers des chor\u00e9graphies&nbsp;<em>jazz, moderne, cabaret,<\/em>&nbsp;pleines d\u2019\u00e9nergies, de pr\u00e9cisions et d\u2019\u00e9motions.&nbsp;Un spectacle intense et captivant, rythm\u00e9 notamment par certaines musiques embl\u00e9matiques de&nbsp;Michael Jackson&nbsp;\u00ab&nbsp;<em>The King of Pop<\/em>&nbsp;\u00bb&nbsp;,&nbsp;v\u00e9ritable ic\u00f4ne internationale, dont l\u2019univers continuera de faire battre les c\u0153urs.&nbsp;Une inspiration qui remonte aux d\u00e9buts des Jackson 5 \u00e0 la fin des ann\u00e9es 60, jusqu\u2019aux tubes incontournables des ann\u00e9es 80-90&nbsp;qui l&rsquo;ont officialis\u00e9 comme la superstar internationale.<\/p>\n\n\n\n<p>Chaque tableau vous embarquera dans une exp\u00e9rience artistique unique !<\/p>\n\n\n\n<figure class=\"wp-block-gallery columns-1 is-cropped\"><ul class=\"blocks-gallery-grid\"><li class=\"blocks-gallery-item\"><figure><img loading=\"lazy\" width=\"724\" height=\"1024\" src=\"http:\/\/eviedanse-pelissanne.fr\/wp-content\/uploads\/2026\/04\/gala-20-juin-2026-jaune-724x1024.png\" alt=\"\" data-id=\"773\" data-full-url=\"http:\/\/eviedanse-pelissanne.fr\/wp-content\/uploads\/2026\/04\/gala-20-juin-2026-jaune.png\" data-link=\"http:\/\/eviedanse-pelissanne.fr\/?attachment_id=773\" class=\"wp-image-773\" srcset=\"http:\/\/eviedanse-pelissanne.fr\/wp-content\/uploads\/2026\/04\/gala-20-juin-2026-jaune-724x1024.png 724w, http:\/\/eviedanse-pelissanne.fr\/wp-content\/uploads\/2026\/04\/gala-20-juin-2026-jaune-212x300.png 212w, http:\/\/eviedanse-pelissanne.fr\/wp-content\/uploads\/2026\/04\/gala-20-juin-2026-jaune-768x1086.png 768w, http:\/\/eviedanse-pelissanne.fr\/wp-content\/uploads\/2026\/04\/gala-20-juin-2026-jaune-1086x1536.png 1086w, http:\/\/eviedanse-pelissanne.fr\/wp-content\/uploads\/2026\/04\/gala-20-juin-2026-jaune.png 1414w\" sizes=\"(max-width: 724px) 100vw, 724px\" \/><\/figure><\/li><\/ul><\/figure>\n","protected":false},"excerpt":{"rendered":"<p>A peine avons nous l&rsquo;impression d&rsquo;avoir commenc\u00e9 l&rsquo;ann\u00e9e que nous en voyons d\u00e9j\u00e0 la fin&#8230;Mais c&rsquo;est aussi avec excitation que nous attendons notre gala de fin d&rsquo;ann\u00e9e, chor\u00e9graphi\u00e9 et dirig\u00e9 par C\u00e9line GATT, notre professeure de danse passionn\u00e9e . Plongez dans une soir\u00e9e vibrante o\u00f9 l\u2019\u00e9nergie, le rythme et l\u2019\u00e9motion seront au rendez-vous ! Pas [&hellip;]<\/p>\n","protected":false},"author":2,"featured_media":0,"comment_status":"closed","ping_status":"","sticky":false,"template":"","format":"standard","meta":[],"categories":[1],"tags":[],"_links":{"self":[{"href":"http:\/\/eviedanse-pelissanne.fr\/index.php\/wp-json\/wp\/v2\/posts\/772"}],"collection":[{"href":"http:\/\/eviedanse-pelissanne.fr\/index.php\/wp-json\/wp\/v2\/posts"}],"about":[{"href":"http:\/\/eviedanse-pelissanne.fr\/index.php\/wp-json\/wp\/v2\/types\/post"}],"author":[{"embeddable":true,"href":"http:\/\/eviedanse-pelissanne.fr\/index.php\/wp-json\/wp\/v2\/users\/2"}],"replies":[{"embeddable":true,"href":"http:\/\/eviedanse-pelissanne.fr\/index.php\/wp-json\/wp\/v2\/comments?post=772"}],"version-history":[{"count":1,"href":"http:\/\/eviedanse-pelissanne.fr\/index.php\/wp-json\/wp\/v2\/posts\/772\/revisions"}],"predecessor-version":[{"id":774,"href":"http:\/\/eviedanse-pelissanne.fr\/index.php\/wp-json\/wp\/v2\/posts\/772\/revisions\/774"}],"wp:attachment":[{"href":"http:\/\/eviedanse-pelissanne.fr\/index.php\/wp-json\/wp\/v2\/media?parent=772"}],"wp:term":[{"taxonomy":"category","embeddable":true,"href":"http:\/\/eviedanse-pelissanne.fr\/index.php\/wp-json\/wp\/v2\/categories?post=772"},{"taxonomy":"post_tag","embeddable":true,"href":"http:\/\/eviedanse-pelissanne.fr\/index.php\/wp-json\/wp\/v2\/tags?post=772"}],"curies":[{"name":"wp","href":"https:\/\/api.w.org\/{rel}","templated":true}]}}